{"id":4918,"date":"2022-04-15T04:43:11","date_gmt":"2022-04-15T03:43:11","guid":{"rendered":"https:\/\/rmagdelaine.fr\/ame\/?p=4918"},"modified":"2022-04-15T06:23:27","modified_gmt":"2022-04-15T05:23:27","slug":"epilogue","status":"publish","type":"post","link":"https:\/\/rmagdelaine.fr\/ame\/2022\/04\/15\/epilogue\/","title":{"rendered":"Epilogue"},"content":{"rendered":"\n<h3 class=\"has-text-align-center wp-block-heading\">Du livre Le continent oubli\u00e9<\/h3>\n\n\n\n<figure class=\"wp-block-embed aligncenter is-type-rich is-provider-amazon wp-block-embed-amazon\"><div class=\"wp-block-embed__wrapper\">\n<iframe loading=\"lazy\" title=\"Le continent oubli\u00e9: et les traces laiss\u00e9es par l&#039;ancienne civilisation.\" type=\"text\/html\" width=\"604\" height=\"550\" frameborder=\"0\" allowfullscreen style=\"max-width:100%\" src=\"https:\/\/lire.amazon.fr\/kp\/card?preview=inline&#038;linkCode=kpd&#038;ref_=k4w_oembed_McjaRvy8hIe0yG&#038;asin=B09LVMMH4C&#038;tag=kpembed-20\"><\/iframe>\n<\/div><\/figure>\n\n\n\n<p class=\"wp-block-paragraph\">Que pouvons-nous tirer comme enseignement apr\u00e8s la lecture de ces quatre chapitres du \u00ab&nbsp;Continent oubli\u00e9&nbsp;\u00bb.<\/p>\n\n\n\n<ul class=\"wp-block-list\"><li>Qu\u2019il a gliss\u00e9 inexorablement sous la zone la plus glaciale de la plan\u00e8te (l\u2019antarctique) et que le r\u00e9chauffement constat\u00e9 par le GIEC accentue de plus en plus l\u2019obliquit\u00e9 de l\u2019axe de rotation de la plan\u00e8te&nbsp;?<\/li><li>Le glissement de l\u2019axe de rotation est le signe annonc\u00e9 dans le calendrier des Mayas que le sixi\u00e8me soleil annon\u00e7ant \u00ab&nbsp;le mouvement&nbsp;\u00bb est en train de se produire actuellement. Ce qui explique, \u00e0 mes yeux, la pr\u00e9sence de nombreuses nations de notre plan\u00e8te qui s\u2019y sont install\u00e9es, pr\u00e9textes, pour s\u2019approprier les richesses en s\u2019entretuant joyeusement pour pouvoir les poss\u00e9der, lorsqu\u2019il aura quitt\u00e9 cette zone r\u00e9frig\u00e9rante&nbsp;!<\/li><li>Le calendrier des Mayas nous indique donc des p\u00e9riodes dans le cycle de la pr\u00e9cession des \u00e9quinoxes<a href=\"#_ftn1\" id=\"_ftnref1\">[1]<\/a> pendant lesquelles la plan\u00e8te va modifier son niveau vibratoire qui aura ici ou l\u00e0 des cons\u00e9quences locales pouvant ressembler \u00e0 la fin du monde, mais qui n\u2019est que la fin d\u2019un cycle.<\/li><li>Que ce \u00ab&nbsp;mouvement&nbsp;\u00bb pr\u00e9dit, de la lithosph\u00e8re sur l\u2019asth\u00e9nosph\u00e8re, ne s\u2019est pas produit brusquement, mais a \u00e9t\u00e9 \u00e9tal\u00e9 dans le temps, permettant ainsi aux \u00ab&nbsp;Atlantes&nbsp;\u00bb de sauver les meubles avant d\u2019\u00eatre congel\u00e9s pour l\u2019\u00e9ternit\u00e9&nbsp;!<\/li><li>Que cette civilisation, tr\u00e8s avanc\u00e9e, non pas mat\u00e9riellement, mais spirituellement, a \u00e9t\u00e9 capable d\u2019agir sur la mati\u00e8re pour pouvoir b\u00e2tir des monuments cyclop\u00e9ens capables de r\u00e9sister \u00e0 des s\u00e9ismes cycliques dont Ga\u00efa a le secret, lorsqu\u2019elle veut se d\u00e9barrasser de ses parasites&nbsp;!<\/li><li>Que ces hommes n\u2019\u00e9taient pas des dieux, ni des extra-terrestres, mais des hominid\u00e9s comme vous et moi, avec une sagesse et des connaissances que nous sommes encore loin d\u2019avoir atteintes&nbsp;!<\/li><li>Que les mythes et les l\u00e9gendes qui courent encore sur la plan\u00e8te nous parlent toutes la m\u00eame chose sur le fond, ce ne sont que des messages cod\u00e9s emplit de sagesse qu\u2019ils nous laissent le soin d\u2019interpr\u00e9ter&nbsp;!<\/li><li>Que la transmission de leur message s\u2019est inscrite automatiquement dans les m\u00e9moires du temps<a href=\"#_ftn2\" id=\"_ftnref2\">[2]<\/a>, m\u00e9moires infalsifiables et qui nous sont accessibles&nbsp;!<\/li><\/ul>\n\n\n\n<h3 class=\"wp-block-heading\"><a><\/a><a>Transmission des m\u00e9moires<\/a><\/h3>\n\n\n\n<p class=\"wp-block-paragraph\">Dans une lign\u00e9e quelle qu\u2019elle soit, il y a toujours des ascendants et des descendants&nbsp;!<\/p>\n\n\n<div class=\"wp-block-image\">\n<figure class=\"aligncenter size-full\"><a href=\"https:\/\/rmagdelaine.fr\/ame\/wp-content\/uploads\/2022\/04\/Image1.png\"><img loading=\"lazy\" decoding=\"async\" width=\"419\" height=\"314\" src=\"https:\/\/rmagdelaine.fr\/ame\/wp-content\/uploads\/2022\/04\/Image1.png\" alt=\"\" class=\"wp-image-4919\" srcset=\"https:\/\/rmagdelaine.fr\/ame\/wp-content\/uploads\/2022\/04\/Image1.png 419w, https:\/\/rmagdelaine.fr\/ame\/wp-content\/uploads\/2022\/04\/Image1-300x225.png 300w\" sizes=\"auto, (max-width: 419px) 100vw, 419px\" \/><\/a><figcaption>La crypte de la grotte de la Sainte-Baume agit comme un athanor.<\/figcaption><\/figure>\n<\/div>\n\n\n<p class=\"wp-block-paragraph\">Ce sont les descendants de cette lign\u00e9e qui ont commenc\u00e9, chacun \u00e0 leur mani\u00e8re, \u00e0 sortir de l\u2019ombre \u00e0 l&rsquo;\u00e9poque dite de la Renaissance et qui se r\u00e9veillent aujourd&rsquo;hui en retroussant leurs manches pendant que l\u2019Ancien Monde s\u2019effondre sur lui-m\u00eame, comme les villes de Sodome et Gomorrhe.<\/p>\n\n\n\n<p class=\"wp-block-paragraph\">\u00ab&nbsp;L\u00e0 o\u00f9 cro\u00eet le d\u00e9sespoir, cro\u00eet aussi l\u2019espoir !&nbsp;\u00bb<\/p>\n\n\n\n<p class=\"wp-block-paragraph\">Vous allez s\u00fbrement vous sentir frustr\u00e9(e), parce que je ne vous donne aucune recette&nbsp;!<\/p>\n\n\n\n<p class=\"wp-block-paragraph\">\u00ab&nbsp;Pourquoi, Raymond, ne veux-tu rien nous d\u00e9voiler&nbsp;?&nbsp;\u00bb<\/p>\n\n\n\n<p class=\"wp-block-paragraph\">\u00ab&nbsp;Tout simplement parce qu\u2019il n\u2019y en a pas et surtout parce que c\u2019est \u00e0 vous, \u00e0 nous tous de les d\u00e9couvrir.&nbsp;\u00bb<\/p>\n\n\n\n<p class=\"wp-block-paragraph\">Nous avons tous et toutes en nous la capacit\u00e9 d\u2019avoir toutes les r\u00e9ponses \u00e0 nos qu\u00eates, d\u00e8s qu\u2019on fait taire notre mental, pour que notre troisi\u00e8me \u0153il et notre troisi\u00e8me oreille puissent voir et entendre le potentialit\u00e9s in\u00e9puisables des m\u00e9moires de l\u2019akasha&nbsp;!<\/p>\n\n\n\n<p class=\"wp-block-paragraph\">En plus de nos capacit\u00e9s sensorielles ordinaires, nous avons TOUS acc\u00e8s \u00e0 nos capacit\u00e9s extrasensorielles, ce sont nos peurs et en particulier celle de la mort, qui nous nous en prive. La force est en nous, car nous sommes tous d\u2019essence divine et nos \u00e2mes sont immortelles, souvenez-vous, nous nous sommes d\u00e9j\u00e0 rencontr\u00e9s dans d&rsquo;autres vies&nbsp;!<\/p>\n\n\n\n<p class=\"wp-block-paragraph\">\u00ab&nbsp;Combien de fois devrais-je le r\u00e9p\u00e9ter, pour que vous commenciez \u00e0 le comprendre (\u00e0 le faire v\u00f4tre, le prendre pour vous, vous en nourrir)&nbsp;!<\/p>\n\n\n\n<p class=\"wp-block-paragraph\"><strong>\u00ab&nbsp;Combien de fois dites-moi&nbsp;?&nbsp;<\/strong><\/p>\n\n\n\n<p class=\"wp-block-paragraph\">Nous sommes les rois de nos royaumes que nous b\u00e2tissons sur les enseignements de la Nouvelle Alliance qui est bas\u00e9e exclusivement sur L\u2019Amour et o\u00f9 la Haine y est honnie, parce que source de tous nos maux.<\/p>\n\n\n\n<p class=\"wp-block-paragraph\">Il n\u2019y a pas de potion magique, ceux qui pr\u00e9tendent la poss\u00e9der <strong>sont de vulgaires charlatans, des illusionnistes, des menteurs<\/strong>&nbsp;<strong>!&nbsp;\u00bb<\/strong><\/p>\n\n\n\n<h3 class=\"wp-block-heading\"><a><\/a><a>Le vecteur de la transmission<\/a><\/h3>\n\n\n\n<p class=\"wp-block-paragraph\">J\u2019esp\u00e8re que vous avez compris qu\u2019il est dans le couple o\u00f9 le <strong>F\u00e9minin<\/strong> et le <strong>Masculin<\/strong> <strong>sacr\u00e9 <\/strong>ont d\u00e9cid\u00e9 d\u2019un commun accord de <strong>fusionner<\/strong> au <strong>saint des saints<a id=\"_ftnref4\" href=\"#_ftn4\">[4]<\/a><\/strong> (entendre sein) de la chambre nuptiale (notre temple).<\/p>\n\n\n<div class=\"wp-block-image\">\n<figure class=\"aligncenter size-full\"><a href=\"https:\/\/rmagdelaine.fr\/ame\/wp-content\/uploads\/2022\/04\/Image2.png\"><img loading=\"lazy\" decoding=\"async\" width=\"703\" height=\"396\" src=\"https:\/\/rmagdelaine.fr\/ame\/wp-content\/uploads\/2022\/04\/Image2.png\" alt=\"\" class=\"wp-image-4920\" srcset=\"https:\/\/rmagdelaine.fr\/ame\/wp-content\/uploads\/2022\/04\/Image2.png 703w, https:\/\/rmagdelaine.fr\/ame\/wp-content\/uploads\/2022\/04\/Image2-300x169.png 300w\" sizes=\"auto, (max-width: 703px) 100vw, 703px\" \/><\/a><figcaption>Temple int\u00e9rieur et temple de pierre ext\u00e9rieur !<\/figcaption><\/figure>\n<\/div>\n\n\n<p class=\"wp-block-paragraph\">Croire que le pouvoir est entre les mains des gouvernants, c\u2019est oublier que nous le leur avons c\u00e9d\u00e9 par flemme d&rsquo;exercer le n\u00f4tre&nbsp;! Ne nous en prenons qu\u2019\u00e0 nous m\u00eame, Dieu ne nous a pas donn\u00e9 des mains des pieds et un cerveau pour ne pas nous en servir&nbsp;!<\/p>\n\n\n\n<p class=\"wp-block-paragraph\">Si vous ne comprenez pas qu\u2019en c\u00e9dant votre pouvoir vous vous rendez pieds et poings li\u00e9s \u00e0 tous ceux qui ne cherchent qu\u2019\u00e0 nous tondre et \u00e0 nous plumer&nbsp;!<\/p>\n\n\n\n<p class=\"wp-block-paragraph\">La femme ne sera l\u2019avenir de l\u2019homme que lorsque nous la reconna\u00eetrons comme une partie indissociable et compl\u00e9mentaire du couple qui exerce un pourvoir \u00e0 deux, car \u00e0 deux nous sommes complets et plus puissants&nbsp;!<\/p>\n\n\n\n<p class=\"wp-block-paragraph\">Je le r\u00e9p\u00e8te \u00e0 nouveau, pour ceux et celles qui ne veulent rien voir ni entendre, il n\u2019y pas de v\u00e9rit\u00e9 d\u00e9tenue par les tout puissants, ils sont tout puissant car nous ne voulons ou nous n\u2019osons utiliser la n\u00f4tre&nbsp;!<\/p>\n\n\n\n<h3 class=\"wp-block-heading\"><a>L\u2019acc\u00e8s aux m\u00e9moires des temps est intemporel et inn\u00e9<\/a><\/h3>\n\n\n\n<p class=\"wp-block-paragraph\">C\u2019est ph\u00e9nom\u00e9nal et intuitif, cela ne rel\u00e8ve en rien d\u2019un vouloir du mental, mais rel\u00e8ve d\u2019un ph\u00e9nom\u00e8ne intuitif inn\u00e9 et de l\u2019ordre de la nature immortelle des \u00e2mes. Nos \u00e2mes retournent toutes les nuits pendant notre sommeil \u00e0 la source, font le bilan de la journ\u00e9e, explorent les potentialit\u00e9s que nous devrions mettre en \u0153uvre d\u00e8s notre r\u00e9veil pour pouvoir continuer \u00e0 cro\u00eetre.<\/p>\n\n\n\n<p class=\"wp-block-paragraph\">Elles ne le font pas que la nuit dans la journ\u00e9e elles visitent la source dans un temps imperceptible (car hors de notre temps) pour trouver la solution en rapport avec une probl\u00e9matique du moment et \u00e0 laquelle il nous faut trouver une r\u00e9ponse appropri\u00e9e \u00e0 notre l\u00e9gende personnelle&nbsp;!<\/p>\n\n\n\n<p class=\"wp-block-paragraph\">Note de l\u2019auteur&nbsp;:<\/p>\n\n\n\n<p class=\"wp-block-paragraph\">Si vous voulez en savoir plus, je vous conseille de <strong>lire<\/strong><a id=\"_ftnref5\" href=\"#_ftn5\">[5]<\/a> ou de visionner les vid\u00e9os de <strong>Jean-Pierre &amp; Lucile GARNIER MALET<\/strong> qui d\u00e9montrent que ce ph\u00e9nom\u00e8ne de \u00ab&nbsp;<strong>d\u00e9doublement du temps<\/strong>&nbsp;\u00bb est naturel chez l\u2019hominid\u00e9 et \u00e0 toutes les esp\u00e8ces un tant soit peu \u00e9volu\u00e9es, et elles le sont toutes, chacune \u00e0 leur mani\u00e8re&nbsp;!<\/p>\n\n\n<div class=\"wp-block-image\">\n<figure class=\"aligncenter size-full\"><a href=\"https:\/\/rmagdelaine.fr\/ame\/wp-content\/uploads\/2022\/04\/Image3.jpg\"><img loading=\"lazy\" decoding=\"async\" width=\"368\" height=\"454\" src=\"https:\/\/rmagdelaine.fr\/ame\/wp-content\/uploads\/2022\/04\/Image3.jpg\" alt=\"\" class=\"wp-image-4921\" srcset=\"https:\/\/rmagdelaine.fr\/ame\/wp-content\/uploads\/2022\/04\/Image3.jpg 368w, https:\/\/rmagdelaine.fr\/ame\/wp-content\/uploads\/2022\/04\/Image3-243x300.jpg 243w\" sizes=\"auto, (max-width: 368px) 100vw, 368px\" \/><\/a><\/figure>\n<\/div>\n\n\n<h3 class=\"wp-block-heading\"><a>Comment se perp\u00e9tuent nos m\u00e9moires&nbsp;?<\/a><\/h3>\n\n\n\n<p class=\"wp-block-paragraph\">Lorsque je parle de nos m\u00e9moires, j\u2019\u00e9voque celles de toutes les esp\u00e8ces du vivant sur Ga\u00efa, de la plus petite, celle du microcosme, \u00e0 la plus grande (min\u00e9ral inclus), celle du macrocosme (celles de notre oasis) qui nous h\u00e9berge et qui nous nourrit, mais aussi celles de notre soleil et de celle de notre unique lune<a href=\"#_ftn6\" id=\"_ftnref6\">[6]<\/a>&nbsp;! Les m\u00e9moires de l\u2019hominid\u00e9 (celle du microcosme, soyons humbles) n\u2019\u00e9chappant pas \u00e0 cette r\u00e8gle immuable et sur laquelle notre volont\u00e9 ne peut agir, heureusement&nbsp;!<\/p>\n\n\n\n<p class=\"wp-block-paragraph\">Dieu ou la \u00ab&nbsp;conscience immanente supr\u00eame, <strong>Celui qui est et qui cr\u00e9e<a href=\"#_ftn7\" id=\"_ftnref7\">[7]<\/a><\/strong>&nbsp;\u00bb, n\u2019est que le r\u00e9sultat de l\u2019addition de toutes les m\u00e9moires. \u00ab&nbsp;<strong>Notre P\u00e8re et notre M\u00e8re, le couple ultime<\/strong>&nbsp;\u00bb ne conservent que celles qui les nourrissent et rejettent toutes celles qui ne leur conviennent pas&nbsp;! Ces m\u00e9moires sont infalsifiables et indestructibles, car elles appartiennent \u00e0 une partie ext\u00e9rieure \u00e0 la mati\u00e8re, que l\u2019on nomme l\u2019\u00e9ther qui n\u2019est compos\u00e9 que de photons, ceux de l\u2019Au-del\u00e0 interagissant avec l\u2019eau d\u2019ici&nbsp;!<\/p>\n\n\n\n<p class=\"wp-block-paragraph\">L\u2019Au-del\u00e0 et l\u2019eau d\u2019ici, ne sont pas de m\u00eame nature, mais \u00e9tant conscientes l\u2019une de l\u2019autre, elles interagissent et s\u2019enrichissent mutuellement. L\u2019au-del\u00e0 est immat\u00e9riel, il est compos\u00e9 de photons, il est r\u00e9gi par d\u2019autres lois que celle des lois qui r\u00e9gissent la mati\u00e8re, compos\u00e9e d\u2019atomes. La fronti\u00e8re, s\u2019il y en a une, est celle de nos perceptions, celles de nos cinq sens, les scientifiques la nomment \u00ab&nbsp;mur de Planck&nbsp;\u00bb.<a href=\"#_ftn8\" id=\"_ftnref8\">[8]<\/a> Ce n\u2019est simplement qu\u2019une illusion que nos cinq sens imposent pour l\u2019instant, \u00e0 ceux qui sont mal entendant et mal voyants&nbsp;!<\/p>\n\n\n\n<p class=\"wp-block-paragraph\">Il a \u00e9t\u00e9 \u00ab&nbsp;interdit&nbsp;\u00bb aux scientifiques, sous peine \u00ab&nbsp;d\u2019h\u00e9r\u00e9sie&nbsp;\u00bb,d\u2019envisager une vie coh\u00e9rente avant cet \u00ab&nbsp;horizon de nos \u00e9v\u00e9nements&nbsp;\u00bb, sous pr\u00e9texte que nos connaissances du moment nous emp\u00eachaient d\u2019effectuer des mesures de les quantifier et de les mesurer et donc de les prouver&nbsp;!<\/p>\n\n\n\n<p class=\"wp-block-paragraph\">Depuis, heureusement, des scientifiques vell\u00e9itaires ce sont affranchit de ces interdits et ont explor\u00e9 ce continent interdit et y ont fait des d\u00e9couvertes int\u00e9ressantes qui expliquent parfaitement cet au-del\u00e0 qui est r\u00e9git par d\u2019autres lois d\u2019une physique que nous commen\u00e7ons tout juste \u00e0 explorer.<\/p>\n\n\n\n<p class=\"wp-block-paragraph\">Figurez-vous que le temps ne s\u2019y \u00e9coule pas de la m\u00eame mani\u00e8re que celui de la mati\u00e8re (l\u2019ici-bas), il y serait \u00ab&nbsp;imaginaire&nbsp;\u00bb.<a href=\"#_ftn9\" id=\"_ftnref9\">[9]<\/a><\/p>\n\n\n<div class=\"wp-block-image\">\n<figure class=\"aligncenter size-full\"><a href=\"https:\/\/rmagdelaine.fr\/ame\/wp-content\/uploads\/2022\/04\/Image4.jpg\"><img loading=\"lazy\" decoding=\"async\" width=\"362\" height=\"348\" src=\"https:\/\/rmagdelaine.fr\/ame\/wp-content\/uploads\/2022\/04\/Image4.jpg\" alt=\"\" class=\"wp-image-4922\" srcset=\"https:\/\/rmagdelaine.fr\/ame\/wp-content\/uploads\/2022\/04\/Image4.jpg 362w, https:\/\/rmagdelaine.fr\/ame\/wp-content\/uploads\/2022\/04\/Image4-300x288.jpg 300w\" sizes=\"auto, (max-width: 362px) 100vw, 362px\" \/><\/a><figcaption>Temps r\u00e9el, ici-bas, et temps imaginaire, au-del\u00e0 !<\/figcaption><\/figure>\n<\/div>\n\n\n<p class=\"wp-block-paragraph\">Ce qui permet de mieux comprendre certaines manifestations comme celles des exp\u00e9rienceurs<a href=\"#_ftn10\" id=\"_ftnref10\">[10]<\/a>, des m\u00e9diums\u2026 qui datent de la nuit des temps de l\u2019humanit\u00e9 et que l\u2019on a class\u00e9s pr\u00e9matur\u00e9ment comme \u00e9sot\u00e9riques dans le sens de \u00ab&nbsp;folie furieuse ou folie douce&nbsp;\u00bb, qui se terminait souvent par une camisole de force ou le b\u00fbch\u00e9 pour sorcellerie, dont les femmes rousses ont \u00e9t\u00e9 victimes et le sont encore ici ou l\u00e0&nbsp;!<\/p>\n\n\n\n<p class=\"wp-block-paragraph\">De plus en plus de scientifiques \u00ab&nbsp;ouverts&nbsp;\u00bb, comme les regrett\u00e9s <em><strong>Igor et Grichka Bogdanoff<\/strong><\/em>, <em><strong>Patrick Burensteinas, <\/strong><\/em><strong>Philippe Bobola<\/strong>, <strong>Philippe Guillemant<\/strong>, le g\u00e9nial <strong>Nassim Haramein<\/strong>, <em><strong>Albert Einstein<\/strong><\/em> \u2026 et <strong>plein d\u2019autres encore<\/strong>, qui ce son pench\u00e9 sur <strong>l\u2019avant big bang<\/strong> pour tenter de comprendre ce concept des dieux de l\u2019antiquit\u00e9 eu celui plus r\u00e9cent d\u2019un dieu unique aux noms multiples qui \u00e9voque, pour moi, une immortalit\u00e9 de nos consciences et une conscience de l\u2019univers contenu dans toutes choses, m\u00eame celles du min\u00e9ral qui nous para\u00eet inerte&nbsp;!<\/p>\n\n\n\n<p class=\"wp-block-paragraph\">L\u2019eau d\u2019ici-bas et le photon de l\u2019au-del\u00e0 sont le support de toutes les m\u00e9moires des univers et des plan\u00e8tes h\u00e9bergeant, les exp\u00e9riences de toutes les formes de conscience, qu\u2019un \u00eatre un tant soit peu \u00e9veill\u00e9 peut explorer pour continuer \u00e0 \u00e9voluer harmonieusement sans risque de s\u2019effondrer sur lui-m\u00eame, comme un vulgaire souffl\u00e9 au fromage sorti du four&nbsp;!<\/p>\n\n\n<div class=\"wp-block-image\">\n<figure class=\"aligncenter size-full\"><a href=\"https:\/\/rmagdelaine.fr\/ame\/wp-content\/uploads\/2022\/04\/Image7.jpg\"><img loading=\"lazy\" decoding=\"async\" width=\"236\" height=\"284\" src=\"https:\/\/rmagdelaine.fr\/ame\/wp-content\/uploads\/2022\/04\/Image7.jpg\" alt=\"\" class=\"wp-image-4923\"\/><\/a><figcaption>Dieu, ou une conscience immanente existe, m\u00eame si personne ne l\u2019a vraiment rencontr\u00e9 en chair et en os&nbsp;!<\/figcaption><\/figure>\n<\/div>\n\n\n<h3 class=\"wp-block-heading\"><a>L\u2019\u00e9veil de la conscience<\/a><\/h3>\n\n\n\n<p class=\"wp-block-paragraph\">Il ne peut pas se produire tant que nous restons les prisonniers de nos peurs qui nous emp\u00eachent de sortir des all\u00e9gories pr\u00e9fabriqu\u00e9es et hig-tech des \u00ab&nbsp;<strong>Nouvelles cavernes de Platon<\/strong>&nbsp;\u00bb que j\u2019ai \u00e9voqu\u00e9 ici&nbsp;!<\/p>\n\n\n\n<p class=\"wp-block-paragraph\">Nous ne nous sommes pas incarn\u00e9, pour nous lamenter <strong>tels les animaux de la l\u00e9gende am\u00e9rindienne du colibris<\/strong>, ou critiquer ceux qui agissent mais pour faire notre part de colibri&nbsp;!<\/p>\n\n\n\n<p class=\"has-text-align-center wp-block-paragraph\"><em>Un jour, dit la l\u00e9gende, il y eut un immense incendie de for\u00eat.<\/em><\/p>\n\n\n\n<p class=\"has-text-align-center wp-block-paragraph\"><em>Tous les animaux terrifi\u00e9s, atterr\u00e9s, observaient impuissants le d\u00e9sastre qui s\u2019\u00e9tendait sous leurs yeux<\/em>.<\/p>\n\n\n\n<p class=\"has-text-align-center wp-block-paragraph\"><em>Seul le petit colibri s\u2019activait, allant chercher quelques gouttes avec son bec pour les jeter sur le feu.<\/em><\/p>\n\n\n\n<p class=\"wp-block-paragraph\"><em>Apr\u00e8s un moment, le tatou, agac\u00e9 par cette agitation qui lui semblait d\u00e9risoire, lui dit :<\/em><\/p>\n\n\n\n<p class=\"has-text-align-center wp-block-paragraph\"><em>\u00ab Colibri ! Tu n\u2019es pas fou ? Ce n\u2019est pas avec ces gouttes d\u2019eau que tu vas \u00e9teindre le feu ! \u00bb<\/em><\/p>\n\n\n\n<p class=\"has-text-align-center wp-block-paragraph\"><em>Et le colibri lui r\u00e9pondit : \u00ab Je le sais, mais je fais ma part. \u00bb<\/em><\/p>\n\n\n\n<p class=\"wp-block-paragraph\"><strong><em>Personne d\u2019autre que nous ne peut explorer \u00e0 notre place notre l\u00e9gende personnelle&nbsp;!<\/em><\/strong><\/p>\n\n\n\n<hr class=\"wp-block-separator has-alpha-channel-opacity\"\/>\n\n\n\n<p class=\"wp-block-paragraph\"><a href=\"#_ftnref1\" id=\"_ftn1\">[1]<\/a> La pr\u00e9cession des \u00e9quinoxes provoque une rotation de l&rsquo;axe des p\u00f4les et un d\u00e9placement cons\u00e9cutif du point vernal, selon un cycle d&rsquo;environ <strong>25 800 ans<\/strong>.<\/p>\n\n\n\n<p class=\"wp-block-paragraph\"><a href=\"#_ftnref2\" id=\"_ftn2\">[2]<\/a> C\u2019est une forme de m\u00e9moire cosmique, de nature \u00e9th\u00e9rique, qui, telle une pellicule sensible, enregistre les \u00e9v\u00e9nements du monde et des esp\u00e8ces.<\/p>\n\n\n\n<p class=\"wp-block-paragraph\"><a href=\"#_ftnref3\" id=\"_ftn3\">[3]<\/a> Photographie prise l\u00e0 o\u00f9 Marie-Madeleine a termin\u00e9 sa voie ici-bas entour\u00e9e de ces plus fid\u00e8les disciple, car ne l\u2019oublions pas elle a enseign\u00e9 l\u2019unique \u00e9vangile nous conseillant de suivre la nouvelle arche d\u2019alliance avec Notre P\u00e8re qui est aux cieux&nbsp;!<\/p>\n\n\n\n<p class=\"wp-block-paragraph\"><a href=\"#_ftnref4\" id=\"_ftn4\">[4]<\/a> Le Saint des saints (latin : sanctum sanctorum) <strong>est la partie la plus sacr\u00e9e d&rsquo;un temple<\/strong>. Dans l&rsquo;architecture antique, le saint des saints abrite le naos (le c\u0153ur de notre temple).<\/p>\n\n\n\n<p class=\"wp-block-paragraph\"><a href=\"#_ftnref5\" id=\"_ftn5\">[5]<\/a> <a href=\"https:\/\/www.amazon.fr\/force-lInvisible-science-d%C3%A9doublement-temps-ebook\/dp\/B089B5715J\">https:\/\/www.amazon.fr\/force-lInvisible-science-d%C3%A9doublement-temps-ebook\/dp\/B089B5715J<\/a><\/p>\n\n\n\n<p class=\"wp-block-paragraph\"><a href=\"#_ftnref6\" id=\"_ftn6\">[6]<\/a> La lune et soleil sont le microcosme de notre galaxie, la voie Lact\u00e9e, lact\u00e9e \u00e9tant son macrocosme. \u00ab&nbsp;Tout ce qui est en bas est comme ce qui est en haut&nbsp;!&nbsp;\u00bb<\/p>\n\n\n\n<p class=\"wp-block-paragraph\"><a href=\"#_ftnref7\" id=\"_ftn7\">[7]<\/a> YHWH<\/p>\n\n\n\n<p class=\"wp-block-paragraph\"><a href=\"#_ftnref8\" id=\"_ftn8\">[8]<\/a> En 1900, Max Planck \u00e9met la th\u00e9orie d&rsquo;une limite pour d\u00e9crire l&rsquo;univers, comme un mur. On l&rsquo;appelle \u00ab&nbsp;Le mur de Planck&nbsp;\u00bb et cette p\u00e9riode \u00ab&nbsp;\u00e8re de Planck&nbsp;\u00bb. Cette \u00e8re se situe apr\u00e8s le Big Bang qui a eu lieu il y a environ 13,7 milliards d&rsquo;ann\u00e9es.<\/p>\n\n\n\n<p class=\"wp-block-paragraph\"><a href=\"#_ftnref9\" id=\"_ftn9\">[9]<\/a> Certains probl\u00e8mes de physique quantique peuvent \u00eatre r\u00e9solus en repr\u00e9sentant le temps sous forme imaginaire. Ainsi, par exemple, la notion est utilis\u00e9e par Stephen Hawking pour expliquer certains \u00e9v\u00e9nements qui se sont d\u00e9roul\u00e9s tout de suite apr\u00e8s le Big Bang.<\/p>\n\n\n\n<p class=\"wp-block-paragraph\"><a href=\"#_ftnref10\" id=\"_ftn10\">[10]<\/a> (Anglicisme) Personne ayant v\u00e9cu une exp\u00e9rience de mort imminente.<\/p>\n\n\n\n<h2 class=\"has-text-align-right has-medium-brown-color has-text-color has-large-font-size wp-block-heading\" style=\"font-style:normal;font-weight:800\"><em>Raymond MAGDELAINE<\/em><\/h2>\n","protected":false},"excerpt":{"rendered":"<p>Du livre Le continent oubli\u00e9 Que pouvons-nous tirer comme enseignement apr\u00e8s la lecture de ces quatre chapitres du \u00ab&nbsp;Continent oubli\u00e9&nbsp;\u00bb. Qu\u2019il a gliss\u00e9 inexorablement sous la zone la plus glaciale de la plan\u00e8te (l\u2019antarctique) et que le r\u00e9chauffement constat\u00e9 par le GIEC accentue de plus en plus l\u2019obliquit\u00e9 de l\u2019axe de rotation de la plan\u00e8te&nbsp;? &hellip; <a href=\"https:\/\/rmagdelaine.fr\/ame\/2022\/04\/15\/epilogue\/\" class=\"more-link\">Continuer la lecture de <span class=\"screen-reader-text\">Epilogue<\/span> <span class=\"meta-nav\">&rarr;<\/span><\/a><\/p>\n","protected":false},"author":1,"featured_media":0,"comment_status":"open","ping_status":"open","sticky":false,"template":"","format":"chat","meta":{"_crdt_document":"","footnotes":""},"categories":[1],"tags":[],"class_list":["post-4918","post","type-post","status-publish","format-chat","hentry","category-new-chroniques","post_format-post-format-chat"],"_links":{"self":[{"href":"https:\/\/rmagdelaine.fr\/ame\/wp-json\/wp\/v2\/posts\/4918","targetHints":{"allow":["GET"]}}],"collection":[{"href":"https:\/\/rmagdelaine.fr\/ame\/wp-json\/wp\/v2\/posts"}],"about":[{"href":"https:\/\/rmagdelaine.fr\/ame\/wp-json\/wp\/v2\/types\/post"}],"author":[{"embeddable":true,"href":"https:\/\/rmagdelaine.fr\/ame\/wp-json\/wp\/v2\/users\/1"}],"replies":[{"embeddable":true,"href":"https:\/\/rmagdelaine.fr\/ame\/wp-json\/wp\/v2\/comments?post=4918"}],"version-history":[{"count":4,"href":"https:\/\/rmagdelaine.fr\/ame\/wp-json\/wp\/v2\/posts\/4918\/revisions"}],"predecessor-version":[{"id":4931,"href":"https:\/\/rmagdelaine.fr\/ame\/wp-json\/wp\/v2\/posts\/4918\/revisions\/4931"}],"wp:attachment":[{"href":"https:\/\/rmagdelaine.fr\/ame\/wp-json\/wp\/v2\/media?parent=4918"}],"wp:term":[{"taxonomy":"category","embeddable":true,"href":"https:\/\/rmagdelaine.fr\/ame\/wp-json\/wp\/v2\/categories?post=4918"},{"taxonomy":"post_tag","embeddable":true,"href":"https:\/\/rmagdelaine.fr\/ame\/wp-json\/wp\/v2\/tags?post=4918"}],"curies":[{"name":"wp","href":"https:\/\/api.w.org\/{rel}","templated":true}]}}