{"id":4394,"date":"2021-01-24T10:26:16","date_gmt":"2021-01-24T09:26:16","guid":{"rendered":"https:\/\/rmagdelaine.fr\/ame\/?p=4394"},"modified":"2021-01-25T07:51:25","modified_gmt":"2021-01-25T06:51:25","slug":"le-guerrier-de-lumiere","status":"publish","type":"post","link":"https:\/\/rmagdelaine.fr\/ame\/2021\/01\/24\/le-guerrier-de-lumiere\/","title":{"rendered":"Le guerrier de lumi\u00e8re"},"content":{"rendered":"\n<p class=\"wp-block-paragraph\">Croire qu\u2019un guerrier de lumi\u00e8re se bat avec les m\u00eames armes que les guerriers des forces de l\u2019ombre, celles du c\u00f4t\u00e9 obscur des \u00eatres malveillants, c\u2019est ce que voudraient bien nous faire croire ceux qui les utilisent pour asseoir un pouvoir, uniquement \u00ab\u2009patriarcal\u2009\u00bb et ax\u00e9 sur \u00ab\u2009l\u2019asservissement\u2009\u00bb.<\/p>\n\n\n\n<p class=\"wp-block-paragraph\">L\u2019Ange Micka\u00ebl, pour pouvoir, devenir un \u00ab\u2009guerrier\u2009\u00bb (1) de lumi\u00e8re, un Archange (2) \u00e0 d\u00fb pacifier ses ombres (son dragon) avec un arch\u00e9type de l\u2019\u00e9p\u00e9e\u2026<\/p>\n\n\n\n<p class=\"wp-block-paragraph\">Entendre avec la \u00ab\u2009langue des oiseaux\u2009\u00bb\u2009;<br>L\u2019 \u00ab\u2009Elle\u2009\u00bb \u00e9 \u00ab\u2009est\u2009\u00bb p\u00e9e \u00ab\u2009paix\u2009\u00bb elle est pacificatrice.<\/p>\n\n\n\n<p class=\"wp-block-paragraph\">Micka\u00ebl a \u00e9t\u00e9 contraint, c\u2019est mon point de vue, de d\u00e9poser sur le bord de son chemin ascensionnel, ses armures trop lourdes, son bouclier inutile, ainsi que renoncer \u00e0 l\u2019\u00e9p\u00e9e qui a trop longtemps fait couler des larmes et vers\u00e9 le sang des innocents ici-bas.<\/p>\n\n\n\n<p class=\"wp-block-paragraph\">Croire que les guerriers d\u2019en haut sont comme les guerriers d\u2019en bas est un tour de magie qu\u2019on essaye de nous faire croire pour continuer \u00e0 nous asservir, par ceux qui utilisent la \u00ab\u2009Haine\u2009\u00bb (3), pour nous diviser.<\/p>\n\n\n\n<div class=\"wp-block-image\"><figure class=\"alignleft size-large is-resized\"><a href=\"https:\/\/rmagdelaine.fr\/ame\/wp-content\/uploads\/2021\/01\/guerrir.jpg\"><img loading=\"lazy\" decoding=\"async\" src=\"https:\/\/rmagdelaine.fr\/ame\/wp-content\/uploads\/2021\/01\/guerrir.jpg\" alt=\"\" class=\"wp-image-4395\" width=\"220\" height=\"225\" srcset=\"https:\/\/rmagdelaine.fr\/ame\/wp-content\/uploads\/2021\/01\/guerrir.jpg 800w, https:\/\/rmagdelaine.fr\/ame\/wp-content\/uploads\/2021\/01\/guerrir-292x300.jpg 292w, https:\/\/rmagdelaine.fr\/ame\/wp-content\/uploads\/2021\/01\/guerrir-768x788.jpg 768w\" sizes=\"auto, (max-width: 220px) 100vw, 220px\" \/><\/a><figcaption>V\u00eatement de Lumi\u00e8re des Achanges<\/figcaption><\/figure><\/div>\n\n\n\n<p class=\"wp-block-paragraph\">Les guerriers d\u2019en haut, ceux faits de lumi\u00e8re, utilisent \u00ab\u2009l\u2019Amour\u2009\u00bb pour nous \u00ab\u2009rassembler\u2009\u00bb pour nous \u00ab\u2009r\u00e9unifier\u2009\u00bb et ils sont nus, sans quoi ils ne pourraient \u00eatre le pont (l\u2019Arc) entre LUI et les Anges, nos moiti\u00e9s de lumi\u00e8re non incarn\u00e9e, qui guide leur autre moiti\u00e9 incarn\u00e9e dans la mati\u00e8re (nous qui \u00ab\u2009e\u00fbmes mains\u2009\u00bb).<\/p>\n\n\n\n<p class=\"wp-block-paragraph\">Leur nudit\u00e9 compl\u00e8te que nous pourrions percevoir comme une faiblesse les rendent \u00ab\u2009Invincible\u2009\u00bb, aucune arme des guerriers d\u2019en bas ne peut atteindre leur \u00ab\u2009V\u00eatement de Lumi\u00e8re\u2009\u00bb qui pour dissiper nos ombres n\u2019a besoin d\u2019aucun filtre, pour \u00eatre efficace\u2009!<\/p>\n\n\n\n<div class=\"wp-block-columns is-layout-flex wp-container-core-columns-is-layout-8f761849 wp-block-columns-is-layout-flex\">\n<div class=\"wp-block-column is-layout-flow wp-block-column-is-layout-flow\" style=\"flex-basis:100%\">\n<p class=\"has-text-align-left wp-block-paragraph\">&#8212;&#8212;&#8212;-<\/p>\n<\/div>\n<\/div>\n\n\n\n<p class=\"has-text-align-left has-medium-font-size wp-block-paragraph\"> <strong>Quant aux guerriers de lumi\u00e8re d\u2019ici-bas<\/strong> !<\/p>\n\n\n\n<p class=\"has-normal-font-size wp-block-paragraph\">Le texte d\u2019hier publi\u00e9 sur ma page Facebook parlait des esprits non incarn\u00e9s qui sont des guides pour ceux qui ont choisi l\u2019incarnation afin de poursuivre leur croissance ici-bas au-del\u00e0 de la mati\u00e8re.<\/p>\n\n\n\n<p class=\"wp-block-paragraph\">Ceux qui portent la lumi\u00e8re ici-bas, bien qu\u2019\u00e9tant d\u2019un niveau vibratoire plus \u00e9lev\u00e9 que celui de la normale, qui s\u2019\u00e9l\u00e8ve lui aussi et continue sa croissance, en se r\u00e9veillant, n\u2019ont pas encore un corps fait exclusivement de la mati\u00e8re la plus subtile de l\u2019univers qu\u2019est le photon, ou dit autrement la lumi\u00e8re\u2009!<\/p>\n\n\n\n<p class=\"wp-block-paragraph\">Dans leur incarnation, pour pouvoir \u00e9clairer les autres, ils doivent faire comme les Archanges, d\u00e9poser leurs armures, \u00f4ter les masques derri\u00e8re lesquels ils se dissimulent, ou croient se dissimuler et surtout ils doivent d\u00e9poser les armes classiques terrestres\u2009!<\/p>\n\n\n\n<p class=\"wp-block-paragraph\">Nous ne pouvons pas \u00eatre des porteurs (guerriers) de lumi\u00e8re et utiliser les m\u00eames armes que celles utilis\u00e9es par tous ceux qui tiennent absolument \u00e0 rester dans l\u2019ombre, afin que leur empire pyramidal ne s\u2019effondre sur lui-m\u00eame tel un ch\u00e2teau de cartes.<\/p>\n\n\n\n<p class=\"wp-block-paragraph\">Utiliser les m\u00eames armes, consiste dans les faits \u00e0 donner raison au c\u00f4t\u00e9 obscur, de continuer \u00e0 utiliser les leurs contre nous, les armes, quelles quelle soient sont toutes \u00e0 doubles tranchants\u2009!<\/p>\n\n\n\n<figure class=\"wp-block-image size-large\"><a href=\"https:\/\/rmagdelaine.fr\/ame\/wp-content\/uploads\/2021\/01\/zone-dombre.jpg\"><img loading=\"lazy\" decoding=\"async\" width=\"1024\" height=\"677\" src=\"https:\/\/rmagdelaine.fr\/ame\/wp-content\/uploads\/2021\/01\/zone-dombre-1024x677.jpg\" alt=\"\" class=\"wp-image-4405\" srcset=\"https:\/\/rmagdelaine.fr\/ame\/wp-content\/uploads\/2021\/01\/zone-dombre-1024x677.jpg 1024w, https:\/\/rmagdelaine.fr\/ame\/wp-content\/uploads\/2021\/01\/zone-dombre-300x198.jpg 300w, https:\/\/rmagdelaine.fr\/ame\/wp-content\/uploads\/2021\/01\/zone-dombre-768x508.jpg 768w, https:\/\/rmagdelaine.fr\/ame\/wp-content\/uploads\/2021\/01\/zone-dombre-1536x1015.jpg 1536w, https:\/\/rmagdelaine.fr\/ame\/wp-content\/uploads\/2021\/01\/zone-dombre.jpg 1920w\" sizes=\"auto, (max-width: 1024px) 100vw, 1024px\" \/><\/a><figcaption>Nos ombres masquent notre Lumi\u00e8re !<\/figcaption><\/figure>\n\n\n\n<p class=\"wp-block-paragraph\">La lumi\u00e8re \u00e0 elle seule est suffisante, m\u00eame ici-bas, pour faire reculer les ombres et mettre en lumi\u00e8re les projets de ceux qui se cachent dans l\u2019ombre, pour exercer un pouvoir qu\u2019ils n\u2019ont pas sur les \u00eatres qui ont fini par comprendre, que leur impuissance, n\u2019est que la peur de leurs propres ombres\u2009!<\/p>\n\n\n\n<p class=\"wp-block-paragraph\">En dissipant vos ombres, vous contribuez \u00e0 l\u2019\u00e9veil d\u2019autres porteurs de lumi\u00e8re, et c\u2019est le \u00ab\u2009nombre\u2009\u00bb de porteurs de la lumi\u00e8re, qui va faire s\u2019effondrer sur elle-m\u00eame l\u2019empire des empereurs Palpatine, tr\u00e8s inf\u00e9rieur en nombre\u2009!<\/p>\n\n\n\n<p class=\"wp-block-paragraph\">Dans le dernier opus de la saga des Stars Wars, le Commandant des forces du c\u00f4t\u00e9 obscur demande a ses lieutenants d\u2019o\u00f9 vient cette \u00ab\u2009arm\u00e9e\u2009\u00bb qui vient \u00e0 la rescousse de la r\u00e9sistance <strong><em><sup>(4)<\/sup><\/em><\/strong>, s\u2019entend r\u00e9pondre, ce n\u2019est pas une arm\u00e9e mon commandant, ce sont des civils <strong><em><sup>(5)<\/sup><\/em><\/strong>\u2009!<\/p>\n\n\n\n<p class=\"wp-block-paragraph\">La le\u00e7on de Stars Wars peut se r\u00e9sumer, dans ce dernier Opus par \u00ab\u2009Le r\u00e9veil de la Force\u2009\u00bb et pas par celle des guerres fratricides, qui ne fait couler que trop de sang et de larmes en auto alimentant la HAINE au lieu de l\u2019AMOUR\u2009!<\/p>\n\n\n\n<p class=\"wp-block-paragraph\">Comprenez-vous\u2009?<\/p>\n\n\n\n<p class=\"wp-block-paragraph\">&#8212;&#8212;&#8212;- &#8212;&#8212;&#8212;-<\/p>\n\n\n\n<ol class=\"has-text-color wp-block-list\" style=\"color:#03902d\"><li> <em><strong>Guerrier <\/strong>: anagramme de <strong>gu\u00e9rir <\/strong>(pacifier)\u2009!<\/em><\/li><li><em>Archange&nbsp;: intercesseur entre LUI\/ELLE et les Anges, Micka\u00ebl qui signifie \u00ab<strong>\u2009qui est semblable \u00e0 Dieu\u2009<\/strong>\u00bb<\/em><\/li><li><em>La <strong>haine <\/strong>(<strong>N<\/strong>) est un passage oblig\u00e9 \u00e0 toute l\u2019humanit\u00e9 pour lui permettre de la transmuter en <strong>aime <\/strong>(<strong>M<\/strong>), dans l\u2019ordre alphab\u00e9tique le N, viens juste avant le M, curieux, non\u2009?<\/em><\/li><li><em><em><strong>R\u00e9sistance<\/strong>, qui utilise, au cas o\u00f9 vous ne l\u2019auriez pas encore bien compris, les m\u00eames armes que le c\u00f4t\u00e9 obscur\u2009!<\/em><\/em><\/li><li><em><strong>Civils<\/strong>, bien plus \u00ab\u2009nombreux\u2009\u00bb que ceux qui se cachent dans l\u2019ombre, et qui s\u2019arrangent \u00e0 faire couler le sang, par des mercenaires \u00e0 leur solde, pour ne pas se salir les mains\u2009!<\/em><\/li><\/ol>\n\n\n\n<p class=\"wp-block-paragraph\"><\/p>\n\n\n\n<p class=\"has-text-align-right has-text-color has-large-font-size wp-block-paragraph\" style=\"color:#02709f\"><em>Raymond MAGDELAINE<\/em><\/p>\n","protected":false},"excerpt":{"rendered":"<p>Croire qu\u2019un guerrier de lumi\u00e8re se bat avec les m\u00eames armes que les guerriers des forces de l\u2019ombre, celles du c\u00f4t\u00e9 obscur des \u00eatres malveillants, c\u2019est ce que voudraient bien nous faire croire ceux qui les utilisent pour asseoir un pouvoir, uniquement \u00ab\u2009patriarcal\u2009\u00bb et ax\u00e9 sur \u00ab\u2009l\u2019asservissement\u2009\u00bb. L\u2019Ange Micka\u00ebl, pour pouvoir, devenir un \u00ab\u2009guerrier\u2009\u00bb (1) &hellip; <a href=\"https:\/\/rmagdelaine.fr\/ame\/2021\/01\/24\/le-guerrier-de-lumiere\/\" class=\"more-link\">Continuer la lecture de <span class=\"screen-reader-text\">Le guerrier de lumi\u00e8re<\/span> <span class=\"meta-nav\">&rarr;<\/span><\/a><\/p>\n","protected":false},"author":1,"featured_media":0,"comment_status":"open","ping_status":"open","sticky":false,"template":"","format":"chat","meta":{"_crdt_document":"","footnotes":""},"categories":[1],"tags":[],"class_list":["post-4394","post","type-post","status-publish","format-chat","hentry","category-new-chroniques","post_format-post-format-chat"],"_links":{"self":[{"href":"https:\/\/rmagdelaine.fr\/ame\/wp-json\/wp\/v2\/posts\/4394","targetHints":{"allow":["GET"]}}],"collection":[{"href":"https:\/\/rmagdelaine.fr\/ame\/wp-json\/wp\/v2\/posts"}],"about":[{"href":"https:\/\/rmagdelaine.fr\/ame\/wp-json\/wp\/v2\/types\/post"}],"author":[{"embeddable":true,"href":"https:\/\/rmagdelaine.fr\/ame\/wp-json\/wp\/v2\/users\/1"}],"replies":[{"embeddable":true,"href":"https:\/\/rmagdelaine.fr\/ame\/wp-json\/wp\/v2\/comments?post=4394"}],"version-history":[{"count":14,"href":"https:\/\/rmagdelaine.fr\/ame\/wp-json\/wp\/v2\/posts\/4394\/revisions"}],"predecessor-version":[{"id":4417,"href":"https:\/\/rmagdelaine.fr\/ame\/wp-json\/wp\/v2\/posts\/4394\/revisions\/4417"}],"wp:attachment":[{"href":"https:\/\/rmagdelaine.fr\/ame\/wp-json\/wp\/v2\/media?parent=4394"}],"wp:term":[{"taxonomy":"category","embeddable":true,"href":"https:\/\/rmagdelaine.fr\/ame\/wp-json\/wp\/v2\/categories?post=4394"},{"taxonomy":"post_tag","embeddable":true,"href":"https:\/\/rmagdelaine.fr\/ame\/wp-json\/wp\/v2\/tags?post=4394"}],"curies":[{"name":"wp","href":"https:\/\/api.w.org\/{rel}","templated":true}]}}