{"id":4283,"date":"2020-01-25T11:07:48","date_gmt":"2020-01-25T10:07:48","guid":{"rendered":"http:\/\/rmagdelaine.fr\/ame\/?p=4283"},"modified":"2020-01-25T11:08:46","modified_gmt":"2020-01-25T10:08:46","slug":"lunivers-ocean-de-pensees","status":"publish","type":"post","link":"https:\/\/rmagdelaine.fr\/ame\/2020\/01\/25\/lunivers-ocean-de-pensees\/","title":{"rendered":"L\u2019univers oc\u00e9an de pens\u00e9es ?"},"content":{"rendered":"\n<p class=\"wp-block-paragraph\">J\u2019ai \u00e9voqu\u00e9 r\u00e9cemment dans une de mes chroniques, ici et sur Facebook, la travers\u00e9e du d\u00e9sert o\u00f9 nuit noire de l\u2019\u00e2me\u2009!<\/p>\n\n\n\n<p class=\"wp-block-paragraph\">J\u2019y ai \u00e9voqu\u00e9 les raisons existentielles que nous traversons toutes et tous un jour ou l\u2019autre et qui ne cessent de se r\u00e9p\u00e9ter de mani\u00e8re r\u00e9currente tout au long de notre incarnation et qui nous font penser que nous sommes seuls, si au lieu de les accueillir nous cherchons \u00e0 les \u00e9viter\u2009!<\/p>\n\n\n\n<p class=\"wp-block-paragraph\">La travers\u00e9e du d\u00e9sert, c\u2019est le creux de la vague qui nous permet d\u2019y d\u00e9poser la partie la plus encombrante qui ralentit notre ascension, celle du degr\u00e9 d\u2019ouverture de notre conscience qui nous rapproche de la Sagesse, b\u00fbt de tout apprentissage\u2009!<\/p>\n\n\n\n<p class=\"wp-block-paragraph\">C\u2019est une des phases d\u2019un mouvement alternatif incessant de forme sinuso\u00efdale, qu\u2019on compare souvent \u00e0 celui des vagues d\u2019un oc\u00e9an et que l\u2019on nomme aussi vibration, palpitation, respiration ou plus prosa\u00efquement \u00ab\u2009vie\u2009\u00bb, celle de la goutte d\u2019eau constituant l\u2019oc\u00e9an et qui y vogue avec ses propres pens\u00e9es, et si cette minuscule goutte pense c\u2019est qu\u2019elle EST parcelle de cet Univers oc\u00e9an conscient de ce qu\u2019il EST et de ce qu\u2019il FAIT en explorant tous les possibles, car il est lui aussi un \u00eatre pensant \u2009!<\/p>\n\n\n\n<p class=\"wp-block-paragraph\">Tous les jours\u2009 nous traversons des phases ascensionnelles et ascendantes, ou tant\u00f4t nous sommes les rois du monde en surfant sur la cr\u00eate de la vague et o\u00f9 nous nous sentons des moins que rien lorsque nous sommes au creux de la vague, TOUS LES JOURS\u2009!<\/p>\n\n\n\n<p class=\"wp-block-paragraph\">Tous les jours, sur cet oc\u00e9an les courants qui nous m\u00e8nent l\u00e0 o\u00f9 nous devons aller, nous sommes soumis aux divers degr\u00e9s de pressions de d\u00e9pressions que traverse le courant qui nous transporte. Notre vie de goutte d\u2019eau peut alors ressembler \u00e0 un long fleuve tranquille, ou \u00e0 un maelstrom qui n\u2019est que le fruit de nos pens\u00e9es et de celles des autres gouttes d\u2019eau qui voguent avec nous sur ce courant o\u00f9 nous participons tous \u00e0 l\u2019enrichissement ou \u00e0 l\u2019appauvrissement des pens\u00e9es de l\u2019Univers oc\u00e9an.<\/p>\n\n\n\n<div class=\"wp-block-image\"><figure class=\"aligncenter size-large\"><img loading=\"lazy\" decoding=\"async\" width=\"450\" height=\"323\" src=\"http:\/\/rmagdelaine.fr\/ame\/wp-content\/uploads\/2020\/01\/Oc\u00e9an-de-pens\u00e9es.jpg\" alt=\"\" class=\"wp-image-4284\" srcset=\"https:\/\/rmagdelaine.fr\/ame\/wp-content\/uploads\/2020\/01\/Oc\u00e9an-de-pens\u00e9es.jpg 450w, https:\/\/rmagdelaine.fr\/ame\/wp-content\/uploads\/2020\/01\/Oc\u00e9an-de-pens\u00e9es-300x215.jpg 300w\" sizes=\"auto, (max-width: 450px) 100vw, 450px\" \/><\/figure><\/div>\n\n\n\n<p class=\"wp-block-paragraph\">Se croire seul c\u2019est oublier ce que nous sommes une goutte d\u2019eau pensante et agissante, qui sans nous, ass\u00e9cherait, \u00e9puiserait l\u2019essence m\u00eame de l\u2019Oc\u00e9an univers, tout comme les cellules de notre corps en s\u2019ass\u00e9chant le d\u00e9truisent.<\/p>\n\n\n\n<p class=\"wp-block-paragraph\">Mais si un oc\u00e9an ou un corps peut s\u2019ass\u00e9cher, par contre ses pens\u00e9es, nos pens\u00e9es, elles nous survivent et s\u2019int\u00e9greront d\u00e8s que l\u2019opportunit\u00e9 se pr\u00e9sentera \u00e0 celles d\u2019un autre Oc\u00e9an-Univers et \u00e0 ses gouttes d\u2019eau\u2009!<\/p>\n\n\n\n<p class=\"wp-block-paragraph\">L\u2019eau est une association de trois atomes deux d\u2019hydrog\u00e8ne et un d\u2019oxyg\u00e8ne.<\/p>\n\n\n\n<p class=\"wp-block-paragraph\">L\u2019eau de l\u00e0, ou plut\u00f4t d\u2019ailleurs est constitu\u00e9 en grande majorit\u00e9 d\u2019hydrog\u00e8ne qui cherche \u00e0 s\u2019associer \u00e0 l\u2019oxyg\u00e8ne d\u00e8s que les conditions le permettent.<\/p>\n\n\n\n<p class=\"wp-block-paragraph\">L\u2019eau d\u2019ici est \u00e0 la base de l\u2019apparition de toutes les formes de vie sur la plan\u00e8te, conditions id\u00e9ales pour permettre \u00e0 une forme de vie \u00ab\u2009carbon\u00e9e\u2009\u00bb de s\u2019y d\u00e9velopper\u2009!<\/p>\n\n\n\n<p class=\"wp-block-paragraph\">Pierre Teilhard de Chardin <strong><em><sup>(1)<\/sup><\/em><\/strong> disait \u00e0 son \u00e9poque, pas si lointaine (1881 &#8211; 1955), que si la mati\u00e8re n\u2019\u00e9tait pas pourvue d\u2019un esprit, cet esprit qui caract\u00e9rise les humains n\u2019aurait pas pu \u00e9merger chez nous\u2009!<\/p>\n\n\n\n<p class=\"wp-block-paragraph\">Je compl\u00e9terais son analyse, en ajoutant que si cet esprit n\u2019avait pas \u00e9merg\u00e9 chez nous, nous ne pourrions pas forger nos pens\u00e9es. La soi-disant mati\u00e8re n\u2019aurait pu s\u2019adapter aux hautes et basses pressions (vibrations) de l\u2019Univers plan\u00e8te, voguant sur l\u2019Oc\u00e9an univers de notre Galaxie\u2009!<\/p>\n\n\n\n<p class=\"wp-block-paragraph\">Ne nous focalisons, ne nous figeons pas sur les difficult\u00e9s que nous traversons, essayons de comprendre, ce qu\u2019elles tentent de nous enseigner, car c\u2019est en saignant que nous nous purgeons de tout ce qui nous entrave\u2009!<\/p>\n\n\n\n<ul class=\"wp-block-list\"><li><strong><em>Pierre Teilhard de Chardin<\/em><\/strong><em>, n\u00e9 le 1<sup>er<\/sup> mai 1881 \u00e0 Orcines (Puy-de-D\u00f4me) et mort le 10 avril 1955 \u00e0 New York (\u00c9tats-Unis), est un pr\u00eatre j\u00e9suite fran\u00e7ais, chercheur, pal\u00e9ontologue, th\u00e9ologien et philosophe. Scientifique r\u00e9put\u00e9, th\u00e9oricien de l&rsquo;\u00e9volution, Pierre Teilhard de Chardin est \u00e0 la fois un g\u00e9ologue, sp\u00e9cialiste de la Chine du Carbonif\u00e8re au Plioc\u00e8ne et un pal\u00e9ontologue des vert\u00e9br\u00e9s du C\u00e9nozo\u00efque. Sa fr\u00e9quentation r\u00e9guli\u00e8re des pal\u00e9oanthropologues qui \u00e9tudiaient les premiers hominid\u00e9s, tout juste d\u00e9couverts, l&rsquo;incita \u00e0 r\u00e9fl\u00e9chir \u00e0 l&rsquo;enc\u00e9phalisation propre \u00e0 la lign\u00e9e des primates anthropo\u00efdes.<\/em><br><em>Dans Le Ph\u00e9nom\u00e8ne humain, il trace une histoire de l&rsquo;Univers, depuis la pr\u00e9-vie jusqu&rsquo;\u00e0 la Terre finale, en int\u00e9grant les connaissances de son \u00e9poque, notamment en m\u00e9canique quantique et en thermodynamique. Il ajoute aux deux axes vers l&rsquo;infiniment petit et l&rsquo;infiniment grand la fl\u00e8che d&rsquo;un temps interne, celui de la complexit\u00e9 en organisation croissante, et constate l&rsquo;\u00e9mergence de la spiritualit\u00e9 humaine \u00e0 son plus haut degr\u00e9 d&rsquo;organisation, celle du syst\u00e8me nerveux humain : <strong>pour Teilhard, <u>mati\u00e8re<\/u> et <u>esprit<\/u> sont deux faces d&rsquo;une m\u00eame r\u00e9alit\u00e9.<\/strong><\/em><\/li><\/ul>\n\n\n\n<p style=\"color:#0673a2;font-size:25px\" class=\"has-text-color has-text-align-right wp-block-paragraph\"><em>Raymond MAGDELAINE<\/em><\/p>\n","protected":false},"excerpt":{"rendered":"<p>J\u2019ai \u00e9voqu\u00e9 r\u00e9cemment dans une de mes chroniques, ici et sur Facebook, la travers\u00e9e du d\u00e9sert o\u00f9 nuit noire de l\u2019\u00e2me\u2009! J\u2019y ai \u00e9voqu\u00e9 les raisons existentielles que nous traversons toutes et tous un jour ou l\u2019autre et qui ne cessent de se r\u00e9p\u00e9ter de mani\u00e8re r\u00e9currente tout au long de notre incarnation et qui &hellip; <a href=\"https:\/\/rmagdelaine.fr\/ame\/2020\/01\/25\/lunivers-ocean-de-pensees\/\" class=\"more-link\">Continuer la lecture de <span class=\"screen-reader-text\">L\u2019univers oc\u00e9an de pens\u00e9es ?<\/span> <span class=\"meta-nav\">&rarr;<\/span><\/a><\/p>\n","protected":false},"author":1,"featured_media":0,"comment_status":"open","ping_status":"open","sticky":false,"template":"","format":"chat","meta":{"_crdt_document":"","footnotes":""},"categories":[1],"tags":[],"class_list":["post-4283","post","type-post","status-publish","format-chat","hentry","category-new-chroniques","post_format-post-format-chat"],"_links":{"self":[{"href":"https:\/\/rmagdelaine.fr\/ame\/wp-json\/wp\/v2\/posts\/4283","targetHints":{"allow":["GET"]}}],"collection":[{"href":"https:\/\/rmagdelaine.fr\/ame\/wp-json\/wp\/v2\/posts"}],"about":[{"href":"https:\/\/rmagdelaine.fr\/ame\/wp-json\/wp\/v2\/types\/post"}],"author":[{"embeddable":true,"href":"https:\/\/rmagdelaine.fr\/ame\/wp-json\/wp\/v2\/users\/1"}],"replies":[{"embeddable":true,"href":"https:\/\/rmagdelaine.fr\/ame\/wp-json\/wp\/v2\/comments?post=4283"}],"version-history":[{"count":2,"href":"https:\/\/rmagdelaine.fr\/ame\/wp-json\/wp\/v2\/posts\/4283\/revisions"}],"predecessor-version":[{"id":4286,"href":"https:\/\/rmagdelaine.fr\/ame\/wp-json\/wp\/v2\/posts\/4283\/revisions\/4286"}],"wp:attachment":[{"href":"https:\/\/rmagdelaine.fr\/ame\/wp-json\/wp\/v2\/media?parent=4283"}],"wp:term":[{"taxonomy":"category","embeddable":true,"href":"https:\/\/rmagdelaine.fr\/ame\/wp-json\/wp\/v2\/categories?post=4283"},{"taxonomy":"post_tag","embeddable":true,"href":"https:\/\/rmagdelaine.fr\/ame\/wp-json\/wp\/v2\/tags?post=4283"}],"curies":[{"name":"wp","href":"https:\/\/api.w.org\/{rel}","templated":true}]}}