{"id":4273,"date":"2019-12-29T17:49:57","date_gmt":"2019-12-29T16:49:57","guid":{"rendered":"http:\/\/rmagdelaine.fr\/ame\/?p=4273"},"modified":"2019-12-29T17:52:46","modified_gmt":"2019-12-29T16:52:46","slug":"vous-qui-passez-sans-me-voir","status":"publish","type":"post","link":"https:\/\/rmagdelaine.fr\/ame\/2019\/12\/29\/vous-qui-passez-sans-me-voir\/","title":{"rendered":"Vous qui passez sans me voir"},"content":{"rendered":"\n<p class=\"wp-block-paragraph\">\u2022 Merci d\u2019\u00eatre pass\u00e9 \u00e0 c\u00f4t\u00e9 de moi sans me voir, je vous ai reconnu !<\/p>\n\n\n\n<p class=\"wp-block-paragraph\">\u2022 Merci \u00e0 toi qui m\u2019as vu, je t\u2019ai vu aussi !<\/p>\n\n\n\n<p class=\"wp-block-paragraph\">\u2022 Merci \u00e0 toi d\u2019avoir \u00e9clair\u00e9 mes parts d\u2019ombres !<\/p>\n\n\n\n<p class=\"wp-block-paragraph\">\u2022 Merci \u00e0 toi d\u2019avoir \u00e9t\u00e9 le miroir qui m\u2019a r\u00e9v\u00e9l\u00e9 mon moi sup\u00e9rieur !<\/p>\n\n\n\n<p class=\"wp-block-paragraph\">\u2022 Merci \u00e0 toi aussi qui as cru que je pouvais te faire de l\u2019ombre,<\/p>\n\n\n\n<p class=\"wp-block-paragraph\">Tu m\u2019as appris la diff\u00e9rence entre briller et \u00e9clairer !<\/p>\n\n\n\n<p class=\"wp-block-paragraph\">\u2022 Merci \u00e0 toi de n\u2019avoir pas cru en moi,<\/p>\n\n\n\n<p class=\"wp-block-paragraph\">Tu m\u2019as permis de me remettre en question !<\/p>\n\n\n\n<p class=\"wp-block-paragraph\">\u2022 Merci d\u2019avoir coup\u00e9 les ponts avec moi,<\/p>\n\n\n\n<p class=\"wp-block-paragraph\">Tu m\u2019as permis de comprendre que le lien qui nous unit est indestructible !<\/p>\n\n\n\n<p class=\"wp-block-paragraph\">\u2022 Merci de m\u2019avoir manifest\u00e9 ton d\u00e9samour,<\/p>\n\n\n\n<p class=\"wp-block-paragraph\">Tu m\u2019as permis de comprendre combien l\u2019Amour est vital pour nous !<\/p>\n\n\n\n<p class=\"wp-block-paragraph\">\u2022 Merci de t\u2019\u00eatre \u00e9loign\u00e9 de nous, pour te permettre de te reconstruire,<\/p>\n\n\n\n<p class=\"wp-block-paragraph\">Tu m\u2019as enseign\u00e9 que nous sommes capables de nous gu\u00e9rir tout seul !<\/p>\n\n\n\n<p class=\"wp-block-paragraph\">\u2022 Merci d\u2019avoir \u00e9t\u00e9 qui tu croyais \u00eatre, avec tes masques,<\/p>\n\n\n\n<p class=\"wp-block-paragraph\">\u2022 J\u2019ai quand m\u00eame per\u00e7u en toi la beaut\u00e9 de ton \u00e2me d\u2019essence divine !<\/p>\n\n\n\n<p class=\"wp-block-paragraph\">\u2022 Merci d\u2019avoir rempli le contrat d\u2019\u00e2mes que nous avions conclu avant de nous incarner ici-bas&nbsp;!<\/p>\n\n\n\n<div class=\"wp-block-image\"><figure class=\"aligncenter size-large\"><img loading=\"lazy\" decoding=\"async\" width=\"500\" height=\"376\" src=\"http:\/\/rmagdelaine.fr\/ame\/wp-content\/uploads\/2019\/12\/ames-jumelles-1.jpg\" alt=\"\" class=\"wp-image-4275\" srcset=\"https:\/\/rmagdelaine.fr\/ame\/wp-content\/uploads\/2019\/12\/ames-jumelles-1.jpg 500w, https:\/\/rmagdelaine.fr\/ame\/wp-content\/uploads\/2019\/12\/ames-jumelles-1-300x226.jpg 300w\" sizes=\"auto, (max-width: 500px) 100vw, 500px\" \/><\/figure><\/div>\n\n\n\n<p class=\"has-medium-font-size wp-block-paragraph\"><em>Que la paix, la joie, la pers\u00e9v\u00e9rance et la foi en toi continuent \u00e0 t\u2019animer, ma s\u0153ur, mon fr\u00e8re&nbsp;!<\/em><\/p>\n\n\n\n<p class=\"has-medium-font-size wp-block-paragraph\"><strong><em>\u2022 Merci infiniment et du fond du c\u0153ur, d\u2019\u00eatre pass\u00e9 dans ma vie !<\/em><\/strong><\/p>\n\n\n\n<p class=\"has-medium-font-size wp-block-paragraph\"><em>Nous, nous reverrons, un jour ou l\u2019autre ici-bas ou bien ailleurs, dans une autre vie, o\u00f9 nous continuerons d\u2019achever nos contrats d\u2019\u00e2mes \u00e0 \u00e2mes !<\/em><\/p>\n\n\n\n<p class=\"has-text-color has-text-align-center has-medium-font-size has-medium-brown-color wp-block-paragraph\"><strong><em>Vous qui passez sans me voir, j&rsquo;ai trop de Aime ! <\/em><\/strong><strong><em><\/em><\/strong><strong><em><\/em><\/strong><\/p>\n\n\n\n<p style=\"color:#03709e;font-size:22px\" class=\"has-text-color has-text-align-right wp-block-paragraph\"><em>Raymond MAGDELAINE<\/em><\/p>\n","protected":false},"excerpt":{"rendered":"<p>\u2022 Merci d\u2019\u00eatre pass\u00e9 \u00e0 c\u00f4t\u00e9 de moi sans me voir, je vous ai reconnu ! \u2022 Merci \u00e0 toi qui m\u2019as vu, je t\u2019ai vu aussi ! \u2022 Merci \u00e0 toi d\u2019avoir \u00e9clair\u00e9 mes parts d\u2019ombres ! \u2022 Merci \u00e0 toi d\u2019avoir \u00e9t\u00e9 le miroir qui m\u2019a r\u00e9v\u00e9l\u00e9 mon moi sup\u00e9rieur ! \u2022 Merci &hellip; <a href=\"https:\/\/rmagdelaine.fr\/ame\/2019\/12\/29\/vous-qui-passez-sans-me-voir\/\" class=\"more-link\">Continuer la lecture de <span class=\"screen-reader-text\">Vous qui passez sans me voir<\/span> <span class=\"meta-nav\">&rarr;<\/span><\/a><\/p>\n","protected":false},"author":1,"featured_media":0,"comment_status":"open","ping_status":"open","sticky":false,"template":"","format":"chat","meta":{"_crdt_document":"","footnotes":""},"categories":[1],"tags":[],"class_list":["post-4273","post","type-post","status-publish","format-chat","hentry","category-new-chroniques","post_format-post-format-chat"],"_links":{"self":[{"href":"https:\/\/rmagdelaine.fr\/ame\/wp-json\/wp\/v2\/posts\/4273","targetHints":{"allow":["GET"]}}],"collection":[{"href":"https:\/\/rmagdelaine.fr\/ame\/wp-json\/wp\/v2\/posts"}],"about":[{"href":"https:\/\/rmagdelaine.fr\/ame\/wp-json\/wp\/v2\/types\/post"}],"author":[{"embeddable":true,"href":"https:\/\/rmagdelaine.fr\/ame\/wp-json\/wp\/v2\/users\/1"}],"replies":[{"embeddable":true,"href":"https:\/\/rmagdelaine.fr\/ame\/wp-json\/wp\/v2\/comments?post=4273"}],"version-history":[{"count":2,"href":"https:\/\/rmagdelaine.fr\/ame\/wp-json\/wp\/v2\/posts\/4273\/revisions"}],"predecessor-version":[{"id":4277,"href":"https:\/\/rmagdelaine.fr\/ame\/wp-json\/wp\/v2\/posts\/4273\/revisions\/4277"}],"wp:attachment":[{"href":"https:\/\/rmagdelaine.fr\/ame\/wp-json\/wp\/v2\/media?parent=4273"}],"wp:term":[{"taxonomy":"category","embeddable":true,"href":"https:\/\/rmagdelaine.fr\/ame\/wp-json\/wp\/v2\/categories?post=4273"},{"taxonomy":"post_tag","embeddable":true,"href":"https:\/\/rmagdelaine.fr\/ame\/wp-json\/wp\/v2\/tags?post=4273"}],"curies":[{"name":"wp","href":"https:\/\/api.w.org\/{rel}","templated":true}]}}