{"id":4254,"date":"2019-10-14T08:11:07","date_gmt":"2019-10-14T07:11:07","guid":{"rendered":"http:\/\/rmagdelaine.fr\/ame\/?p=4254"},"modified":"2019-10-14T08:11:07","modified_gmt":"2019-10-14T07:11:07","slug":"lesprit-sein-dans-un-corps-sain%e2%80%89","status":"publish","type":"post","link":"https:\/\/rmagdelaine.fr\/ame\/2019\/10\/14\/lesprit-sein-dans-un-corps-sain%e2%80%89\/","title":{"rendered":"L\u2019esprit sein dans un corps sain\u2009!"},"content":{"rendered":"\n<p style=\"color:#036d9a\" class=\"has-text-color has-medium-font-size wp-block-paragraph\"><em>Que nous le voulions ou pas un jour ou bien une\nnuit, venu de nulle part surgira notre \u00ab\u2009<strong>dernier Golgotha<\/strong>\u2009\u00bb, notre\nderni\u00e8re \u00e9preuve, celle qui nous r\u00e9v\u00e8le \u00e0 nous m\u00eame et qui nous m\u00e8ne vers une\nvie apr\u00e8s la vie\u2009!<\/em><\/p>\n\n\n\n<p class=\"wp-block-paragraph\">Oui, m\u00eame le\nma\u00eetre Jeshua a craint cette derni\u00e8re \u00e9preuve, oui il a dout\u00e9 \u00ab\u2009<strong><em>P\u00e8re\npourquoi m\u2019as-tu abandonn\u00e9\u2009?<\/em>\u2009<\/strong>\u00bb pas de son P\u00e8re, de Notre P\u00e8re, mais de\nlui, de ses capacit\u00e9s \u00e0 surmonter cette \u00e9preuve du Golgotha, que nous associons\ntous \u00e0 la Mort\u2009!<\/p>\n\n\n\n<p class=\"wp-block-paragraph\">Il a eu peur\nque les souffrances que son corps physique allait subir ne l\u2019emp\u00eachent de se\nd\u00e9livrer de ses peurs.<\/p>\n\n\n\n<p class=\"wp-block-paragraph\">En cela, ce\nJeshua ne diff\u00e8re de nous que dans la force inn\u00e9e de son esprit, lui permettant\nd\u2019accepter ce qui doit lui arriver afin de lui permettre de passer de l\u2019\u00e9tat de\nl\u2019\u00eatre \u00e0 celui de l\u2019esprit \u00e0 re na\u00eetre, que nous sommes tous\u2009!<\/p>\n\n\n\n<p class=\"wp-block-paragraph\">OUI, tu as\nbien lu, \u00ab\u2009Nous sommes tous <strong>ESPRIT<\/strong>\u2009\u00bb avant de nous incarner dans un\ncorps une forme o\u00f9 nous croyons n\u2019\u00eatre que ce CORPS cette FORME\u2009!<\/p>\n\n\n\n<div class=\"wp-block-image\"><figure class=\"aligncenter size-large\"><img loading=\"lazy\" decoding=\"async\" width=\"1000\" height=\"550\" src=\"http:\/\/rmagdelaine.fr\/ame\/wp-content\/uploads\/2019\/10\/Esprit-sein.jpg\" alt=\"\" class=\"wp-image-4255\" srcset=\"https:\/\/rmagdelaine.fr\/ame\/wp-content\/uploads\/2019\/10\/Esprit-sein.jpg 1000w, https:\/\/rmagdelaine.fr\/ame\/wp-content\/uploads\/2019\/10\/Esprit-sein-300x165.jpg 300w, https:\/\/rmagdelaine.fr\/ame\/wp-content\/uploads\/2019\/10\/Esprit-sein-768x422.jpg 768w\" sizes=\"auto, (max-width: 1000px) 100vw, 1000px\" \/><\/figure><\/div>\n\n\n\n<p class=\"wp-block-paragraph\">Il n\u2019est pas le\npremier ni ne sera le dernier \u00e0 r\u00e9appara\u00eetre aux autres sous la forme d\u2019un\ncorps physique difficilement reconnaissable par eux pour qu\u2019ils puissent le voir\navec leurs yeux, car il n\u2019est plus corps de mati\u00e8re fait d\u2019atomes, mais un corps\nplus subtil fait de photons\u2026 de lumi\u00e8re visible&nbsp;!<\/p>\n\n\n\n<p class=\"wp-block-paragraph\">Oui, comme\nlui, nous comprendrons tout ceci apr\u00e8s notre Golgotha, cette derni\u00e8re \u00e9preuve,\nici-bas, qui nous r\u00e9v\u00e9lera nos origines de lumi\u00e8re.<\/p>\n\n\n\n<p class=\"wp-block-paragraph\"><em>Quand dans le\nlivre de la Gen\u00e8se il est \u00e9crit \u00ab\u2009<strong>Que la lumi\u00e8re soit et la lumi\u00e8re fut\u2009!\u2009<\/strong>\u00bb,\nil faut entendre quand la lumi\u00e8re, les photons apparaissent, alors les atomes\nnaissent et nous naissons avec eux\u2009!<\/em><\/p>\n\n\n\n<p class=\"wp-block-paragraph\"><em>Quand dans ce\nm\u00eame livre il est \u00e9crit \u00ab\u2009<strong>Au d\u00e9but \u00e9tait le verbe et le verbe \u00e9tait Dieu&nbsp;!<\/strong>\u2009\u00bb\nl\u00e0 aussi il faut entendre quand le \u00ab\u2009<strong>son<\/strong>\u2009\u00bb qui est une composante invisible,\nmais audible de la lumi\u00e8re, des photons, l\u2019esprit (Dieu) emplit (anime) la\nmati\u00e8re et la mati\u00e8re devient consciente\u2009!<\/em><\/p>\n\n\n\n<p class=\"wp-block-paragraph\"><strong><em>Waouh\u2009!<\/em><\/strong><\/p>\n\n\n\n<p class=\"wp-block-paragraph\">L\u2019homme, comme\ntoutes les autres esp\u00e8ces, de la plus minuscule (la particule) \u00e0 la plus gigantesque\n(l\u2019univers, les plan\u00e8tes, la mati\u00e8re\u2026) est Verbe, ou Esprit ou Conscience, si\ntu pr\u00e9f\u00e8res\u2009!<\/p>\n\n\n\n<p class=\"wp-block-paragraph\">Ne plus croire\nen l\u2019essence de l\u2019univers et de tout ce qu\u2019il contient est perdre le sens de la\ncr\u00e9ation qui n\u2019est qu\u2019un esprit capable d\u2019animer m\u00eame la forme physique la plus\n\u00ab\u2009ath\u00e9e\u2009\u00bb de la cr\u00e9ation\u2009!<\/p>\n\n\n\n<p class=\"wp-block-paragraph\">Dieu,\nl\u2019Esprit, qui nous anime, n\u2019a aucune chapelle, il anime, il vit et cro\u00eet en\ntoutes les chapelles.<\/p>\n\n\n\n<p class=\"wp-block-paragraph\">Croire que\nnous ne sommes qu\u2019un corps n\u2019est pas la preuve de notre \u00ab\u2009b\u00eatise\u2009\u00bb, c\u2019est\nsimplement la preuve de notre \u00ab\u2009incommensurable ignorance\u2009!\u2009\u00bb<\/p>\n\n\n\n<p style=\"color:#036f9e\" class=\"has-text-color has-medium-font-size wp-block-paragraph\"><em>Que\nl\u2019esprit sein, qui nous anime te sorte, mon fr\u00e8re ma s\u0153ur, d\u2019une torpeur qui\npourrait \u00eatre funeste \u00e0 ton corps compos\u00e9 d\u2019atomes, <strong>qui pourraient redevenir\nphotons, plus vite que pr\u00e9vu !<\/strong><\/em><\/p>\n\n\n\n<p style=\"color:#0472a1;font-size:24px\" class=\"has-text-color has-text-align-right wp-block-paragraph\"><em>Raymond MAGDELAINE<\/em><\/p>\n","protected":false},"excerpt":{"rendered":"<p>Que nous le voulions ou pas un jour ou bien une nuit, venu de nulle part surgira notre \u00ab\u2009dernier Golgotha\u2009\u00bb, notre derni\u00e8re \u00e9preuve, celle qui nous r\u00e9v\u00e8le \u00e0 nous m\u00eame et qui nous m\u00e8ne vers une vie apr\u00e8s la vie\u2009! Oui, m\u00eame le ma\u00eetre Jeshua a craint cette derni\u00e8re \u00e9preuve, oui il a dout\u00e9 \u00ab\u2009P\u00e8re &hellip; <a href=\"https:\/\/rmagdelaine.fr\/ame\/2019\/10\/14\/lesprit-sein-dans-un-corps-sain%e2%80%89\/\" class=\"more-link\">Continuer la lecture de <span class=\"screen-reader-text\">L\u2019esprit sein dans un corps sain\u2009!<\/span> <span class=\"meta-nav\">&rarr;<\/span><\/a><\/p>\n","protected":false},"author":1,"featured_media":0,"comment_status":"open","ping_status":"open","sticky":false,"template":"","format":"chat","meta":{"_crdt_document":"","footnotes":""},"categories":[1],"tags":[],"class_list":["post-4254","post","type-post","status-publish","format-chat","hentry","category-new-chroniques","post_format-post-format-chat"],"_links":{"self":[{"href":"https:\/\/rmagdelaine.fr\/ame\/wp-json\/wp\/v2\/posts\/4254","targetHints":{"allow":["GET"]}}],"collection":[{"href":"https:\/\/rmagdelaine.fr\/ame\/wp-json\/wp\/v2\/posts"}],"about":[{"href":"https:\/\/rmagdelaine.fr\/ame\/wp-json\/wp\/v2\/types\/post"}],"author":[{"embeddable":true,"href":"https:\/\/rmagdelaine.fr\/ame\/wp-json\/wp\/v2\/users\/1"}],"replies":[{"embeddable":true,"href":"https:\/\/rmagdelaine.fr\/ame\/wp-json\/wp\/v2\/comments?post=4254"}],"version-history":[{"count":1,"href":"https:\/\/rmagdelaine.fr\/ame\/wp-json\/wp\/v2\/posts\/4254\/revisions"}],"predecessor-version":[{"id":4256,"href":"https:\/\/rmagdelaine.fr\/ame\/wp-json\/wp\/v2\/posts\/4254\/revisions\/4256"}],"wp:attachment":[{"href":"https:\/\/rmagdelaine.fr\/ame\/wp-json\/wp\/v2\/media?parent=4254"}],"wp:term":[{"taxonomy":"category","embeddable":true,"href":"https:\/\/rmagdelaine.fr\/ame\/wp-json\/wp\/v2\/categories?post=4254"},{"taxonomy":"post_tag","embeddable":true,"href":"https:\/\/rmagdelaine.fr\/ame\/wp-json\/wp\/v2\/tags?post=4254"}],"curies":[{"name":"wp","href":"https:\/\/api.w.org\/{rel}","templated":true}]}}