{"id":4222,"date":"2019-09-25T11:01:34","date_gmt":"2019-09-25T10:01:34","guid":{"rendered":"http:\/\/rmagdelaine.fr\/ame\/?p=4222"},"modified":"2019-09-25T17:40:00","modified_gmt":"2019-09-25T16:40:00","slug":"le-pouvoir-de-la-force","status":"publish","type":"post","link":"https:\/\/rmagdelaine.fr\/ame\/2019\/09\/25\/le-pouvoir-de-la-force\/","title":{"rendered":"Le pouvoir de la force\u2026"},"content":{"rendered":"\n<p style=\"color:#0673a1\" class=\"has-text-color has-medium-font-size wp-block-paragraph\"><strong><em>ou l\u2019utilisation de notre force vitale pour exercer notre pouvoir.<\/em><\/strong><\/p>\n\n\n\n<p class=\"has-medium-font-size wp-block-paragraph\"><em>Le pouvoir entre les mains d\u2019une ou de quelques personnes, ne donne que ce que nous pouvons constater au quotidien aujourd\u2019hui, <strong>il ne satisfait que leurs besoins au d\u00e9triment du besoin de tous les autres\u2009!<\/strong><\/em><\/p>\n\n\n\n<p class=\"wp-block-paragraph\">Pour pouvoir s\u2019exercer, il a besoin d\u2019\u00eatre impos\u00e9 par la force, au travers de gens d\u2019armes et d\u2019autres serviteurs pour faire appliquer des lois sur mesures qui leur donnent tout pouvoir sur les autres. <\/p>\n\n\n\n<p class=\"has-medium-font-size wp-block-paragraph\"><em>Chez ces gens-l\u00e0\nMadame, on appelle ce type de pouvoir la \u00ab\u2009<strong>d\u00e9mocratie<\/strong>\u2009\u00bb, car ils ont\nMadame, Monsieur, un sens tr\u00e8s aigu de la d\u00e9rision et du foutage de gueule\u2009!<\/em><\/p>\n\n\n\n<p class=\"wp-block-paragraph\">Ce type de pouvoir qui ne peut perdurer que s\u2019il est impos\u00e9 par la\nforce doit exister sur notre paradis terrestre depuis l\u2019apparition des\nhominid\u00e9s est encore en \u0153uvre apr\u00e8s l\u2019ach\u00e8vement de l\u2019\u00e8re des Poissons\u2009! <\/p>\n\n\n\n<p class=\"wp-block-paragraph\"><strong>Un bail\u2009! <\/strong><\/p>\n\n\n\n<p class=\"wp-block-paragraph\">Il est la cause principale d\u2019un enfer dans lequel ils endoctrinent la plus grande majorit\u00e9 de leur semblable et de toutes les autres formes de vie\u2009!<\/p>\n\n\n\n<p class=\"wp-block-paragraph\">L\u2019enfer n\u2019est pas une punition divine comme ils essayent de nous\nle faire croire, mais bien une cr\u00e9ation lucrative de tous les tontons Cristobal\nde la plan\u00e8te qui nous privent du paradis qu\u2019ils se sont appropri\u00e9 ind\u00fbment\u2009!<\/p>\n\n\n\n<p class=\"wp-block-paragraph\">Ne leur dites surtout pas qu\u2019ils sont des dictateurs, ils n\u2019aiment\npas et vont se f\u00e2cher\u2009! <\/p>\n\n\n\n<p class=\"wp-block-paragraph\">Restez bien au chaud dans vos inconforts, continuez \u00e0 courber\nl\u2019\u00e9chine, pour ne pas attirer l\u2019attention sur vous et montrez-leur du doigt,\nceux qui ne veulent plus de ce syst\u00e8me inique\u2009! <\/p>\n\n\n\n<p class=\"wp-block-paragraph\">Les puissants aiment beaucoup ce type de servilit\u00e9, mais n\u2019en sont\npas pour autant reconnaissants\u2009!<\/p>\n\n\n\n<p class=\"wp-block-paragraph\">Parmi les plus des sept milliards d\u2019hominid\u00e9s asservis est en\ntrain de na\u00eetre un Nouveau Monde, silencieusement, courageusement, et\nin\u00e9luctablement\u2026 <\/p>\n\n\n\n<p style=\"color:#0373a3\" class=\"has-text-color has-medium-font-size wp-block-paragraph\"><em>Nouveau Monde qui utilise le pouvoir d\u2019une force int\u00e9rieure existant chez tous les hominid\u00e9s, force inn\u00e9e, leur permettant de se r\u00e9approprier leur propre pouvoir, non pas pour contraindre les autres, mais pour collaborer avec tous les autres \u00e0 cr\u00e9er de toute pi\u00e8ce le Nouveau Monde.<\/em><\/p>\n\n\n\n<p class=\"wp-block-paragraph\">Croyants ou pas croyants nous assistons tous en ce moment \u00e0 une nouvelle forme d\u2019<em>apocalypse<\/em> annonc\u00e9e par Saint-Jean, une nouvelle forme de <em>Sodome et Gomorrhe<\/em>, ou de l\u2019effondrement des <em>murailles de J\u00e9richo<\/em>. <\/p>\n\n\n\n<p class=\"wp-block-paragraph\">Tout ceci n\u2019\u00e9tant que des images pour tenter de te faire comprendre que ce n\u2019est pas une apocalypse divine \u00e0 laquelle nous assistons tous en ce moment, <strong><em>mais une apocalypse engendr\u00e9e par une minorit\u00e9 d\u2019\u00eatres abjects<\/em>. <\/strong><\/p>\n\n\n\n<p class=\"wp-block-paragraph\">Une coupe qui d\u00e9borde, et que plus rien ne peut plus endiguer, car\nelle a atteint son paroxysme au niveau de l\u2019insupportable\u2009!<\/p>\n\n\n\n<p class=\"wp-block-paragraph\">Dans ton enfer tu peux prier et attendre ind\u00e9finiment une\nintervention divine qui ne viendra pas te tomber toute cuite dans ton bec\nd\u2019oisillon qui devrait depuis longtemps avoir quitt\u00e9 son nid douillet, certes,\nmais surtout trop \u00e9troit\u2009!<\/p>\n\n\n\n<p class=\"wp-block-paragraph\">Mais bon, c\u2019est aussi un choix que tu as, celui de faire l\u2019autruche\nen maudissant ce Dieu que tu as reni\u00e9 depuis belle lurette, mais dont tu\nesp\u00e8res tout de m\u00eame qu\u2019un jour, il finira par entendre au moins tes pri\u00e8res\u2009!<\/p>\n\n\n\n<p class=\"has-text-color has-medium-font-size has-medium-brown-color wp-block-paragraph\"><em>J\u2019invite tout hominid\u00e9 un tant soit peu \u00ab\u2009humain\u2009\u00bb<strong><sup> (1)<\/sup><\/strong> \u00e0 se mobiliser, comme le fait la jeune \u00e9g\u00e9rie du Nouveau Monde, au niveau de colibri<strong><sup> (2)<\/sup><\/strong> qui est le v\u00f4tre, et d\u2019utiliser \u00e0 bon escient toute la force qui est en vous pour coop\u00e9rer avec toutes celles et tous ceux qui ont commenc\u00e9 \u00e0 le faire un peu partout sur cette plan\u00e8te. <\/em><\/p>\n\n\n\n<p class=\"has-text-color has-medium-font-size has-medium-brown-color wp-block-paragraph\"><em><strong>Notre pouvoir, notre puissance\u2026 c\u2019est le Nombre\u2009!<\/strong><\/em><\/p>\n\n\n\n<p class=\"wp-block-paragraph\">L\u00e2chez sans regret la planche pourrie de l\u2019Ancien Monde (et de son\nenfer) pour contribuer \u00e0 construire l\u2019unique planche de salut qui nous est\nofferte, par un univers, une plan\u00e8te en pleine mutation\u2009!<\/p>\n\n\n\n<p class=\"wp-block-paragraph\"> <strong><em><sup>(1)<\/sup><\/em><\/strong>  <strong><em>Humain<\/em><\/strong><em>&nbsp;: \u00catre qui \u00e9prouve un minimum de compassion, si ce n\u2019est pas trop vous demander\u2009?<\/em><\/p>\n\n\n\n<p class=\"wp-block-paragraph\"> <strong><em><sup>(2)<\/sup><\/em><\/strong>  <strong><em>Colibri<\/em><\/strong><em>&nbsp;: \u00catre responsable de tout ce qu\u2019il fait et entreprend, si ce n\u2019est pas le cas reste au pied de ton mur des lamentations\u2009!<\/em><\/p>\n\n\n\n<p style=\"color:#0373a3;font-size:25px\" class=\"has-text-color has-text-align-right wp-block-paragraph\"><em><strong>Raymond MAGDELAINE<\/strong><\/em><\/p>\n","protected":false},"excerpt":{"rendered":"<p>ou l\u2019utilisation de notre force vitale pour exercer notre pouvoir. Le pouvoir entre les mains d\u2019une ou de quelques personnes, ne donne que ce que nous pouvons constater au quotidien aujourd\u2019hui, il ne satisfait que leurs besoins au d\u00e9triment du besoin de tous les autres\u2009! Pour pouvoir s\u2019exercer, il a besoin d\u2019\u00eatre impos\u00e9 par la &hellip; <a href=\"https:\/\/rmagdelaine.fr\/ame\/2019\/09\/25\/le-pouvoir-de-la-force\/\" class=\"more-link\">Continuer la lecture de <span class=\"screen-reader-text\">Le pouvoir de la force\u2026<\/span> <span class=\"meta-nav\">&rarr;<\/span><\/a><\/p>\n","protected":false},"author":1,"featured_media":0,"comment_status":"open","ping_status":"open","sticky":false,"template":"","format":"chat","meta":{"_crdt_document":"","footnotes":""},"categories":[1],"tags":[],"class_list":["post-4222","post","type-post","status-publish","format-chat","hentry","category-new-chroniques","post_format-post-format-chat"],"_links":{"self":[{"href":"https:\/\/rmagdelaine.fr\/ame\/wp-json\/wp\/v2\/posts\/4222","targetHints":{"allow":["GET"]}}],"collection":[{"href":"https:\/\/rmagdelaine.fr\/ame\/wp-json\/wp\/v2\/posts"}],"about":[{"href":"https:\/\/rmagdelaine.fr\/ame\/wp-json\/wp\/v2\/types\/post"}],"author":[{"embeddable":true,"href":"https:\/\/rmagdelaine.fr\/ame\/wp-json\/wp\/v2\/users\/1"}],"replies":[{"embeddable":true,"href":"https:\/\/rmagdelaine.fr\/ame\/wp-json\/wp\/v2\/comments?post=4222"}],"version-history":[{"count":6,"href":"https:\/\/rmagdelaine.fr\/ame\/wp-json\/wp\/v2\/posts\/4222\/revisions"}],"predecessor-version":[{"id":4230,"href":"https:\/\/rmagdelaine.fr\/ame\/wp-json\/wp\/v2\/posts\/4222\/revisions\/4230"}],"wp:attachment":[{"href":"https:\/\/rmagdelaine.fr\/ame\/wp-json\/wp\/v2\/media?parent=4222"}],"wp:term":[{"taxonomy":"category","embeddable":true,"href":"https:\/\/rmagdelaine.fr\/ame\/wp-json\/wp\/v2\/categories?post=4222"},{"taxonomy":"post_tag","embeddable":true,"href":"https:\/\/rmagdelaine.fr\/ame\/wp-json\/wp\/v2\/tags?post=4222"}],"curies":[{"name":"wp","href":"https:\/\/api.w.org\/{rel}","templated":true}]}}