{"id":4201,"date":"2019-08-30T05:40:41","date_gmt":"2019-08-30T04:40:41","guid":{"rendered":"http:\/\/rmagdelaine.fr\/ame\/?p=4201"},"modified":"2019-08-30T05:43:19","modified_gmt":"2019-08-30T04:43:19","slug":"ce-netait-rien-quun-peu-damour","status":"publish","type":"post","link":"https:\/\/rmagdelaine.fr\/ame\/2019\/08\/30\/ce-netait-rien-quun-peu-damour\/","title":{"rendered":"Ce n\u2019\u00e9tait rien, qu\u2019un peu d\u2019amour&#8230;"},"content":{"rendered":"\n<p style=\"color:#02709f\" class=\"has-text-color has-medium-font-size wp-block-paragraph\"><em>\u00ab Ce\nn\u2019\u00e9tait rien qu\u2019un peu d\u2019amour, mais dans mon \u00e2me il continue \u00e0 me nourrir \u00e0 la\nmani\u00e8re d&rsquo;un grand festin. \u00bb<\/em><\/p>\n\n\n\n<p class=\"wp-block-paragraph\">Je passe ma vie, nous passons notre vie \u00e0 c\u00f4t\u00e9 d\u2019un \u00eatre qui nous\nest cher, et le temps\u2026 la routine\u2026 la peur de lui dire, celle de lui manifester\npar un geste, une attitude, une parole, un silence\u2026 qui ont l\u2019air, \u00e0 premi\u00e8re\nvue, si insignifiants, ou qui peut nous para\u00eetre inutile\u2026 <\/p>\n\n\n\n<p style=\"color:#036b98\" class=\"has-text-color has-medium-font-size wp-block-paragraph\"><em>\u00ab\nIl, elle sait, depuis le temps que nous vivons c\u00f4te \u00e0 c\u00f4te, bord \u00e0 bord\u2026 que je\nl\u2019aime\u2026 non ? \u00bb<\/em><\/p>\n\n\n\n<p style=\"color:#056f9c\" class=\"has-text-color has-medium-font-size wp-block-paragraph\"><em>\u00ab&nbsp;Oui,\nil, elle le sait\u2026 mais alors dis-moi pourquoi d\u00e8s qu\u2019il\/elle n\u2019est plus l\u00e0 tu\nte sens aussi mal ?&nbsp;\u00bb<\/em><\/p>\n\n\n\n<p style=\"color:#0172a3\" class=\"has-text-color has-medium-font-size wp-block-paragraph\"><em>Oui, bien s\u00fbr\u2026 il\/elle sait que tu l\u2019aimes, mais le savoir ne nourrit pas une \u00e2me, ce qui nourrit les \u00e2mes c\u2019est cette manifestation, m\u00eame parcimonieuse, au quotidien !<\/em><\/p>\n\n\n\n<div class=\"wp-block-image\"><figure class=\"aligncenter size-large\"><img loading=\"lazy\" decoding=\"async\" width=\"540\" height=\"360\" src=\"http:\/\/rmagdelaine.fr\/ame\/wp-content\/uploads\/2019\/08\/moment-de-tendresse.jpg\" alt=\"\" class=\"wp-image-4202\" srcset=\"https:\/\/rmagdelaine.fr\/ame\/wp-content\/uploads\/2019\/08\/moment-de-tendresse.jpg 540w, https:\/\/rmagdelaine.fr\/ame\/wp-content\/uploads\/2019\/08\/moment-de-tendresse-300x200.jpg 300w\" sizes=\"auto, (max-width: 540px) 100vw, 540px\" \/><\/figure><\/div>\n\n\n\n<p class=\"wp-block-paragraph\">Quand je te parle d\u2019amour, je ne te parle pas que du sexe, qui en\nfait partie, \u00e9videmment\u2026 Non je te parle de toutes ces petites manifestions du\nquotient, pas en quantit\u00e9, mais en qualit\u00e9, aussi insignifiante en apparence,\nqu\u2019un sourire, une caresse sur sa joue, un baiser l\u00e9ger sur ses l\u00e8vres\u2026 et ces\ndeux mots associ\u00e9s \u00ab je t\u2019aime \u00bb si d\u00e9suet ; si galvaud\u00e9s\u2026 qu\u2019ils nous semblent\ninutiles de les r\u00e9p\u00e9ter !<\/p>\n\n\n\n<p class=\"wp-block-paragraph\">C\u2019est lorsqu\u2019il\/elle n\u2019est plus l\u00e0\u2026 que nous nous rendons compte\nque tous ces gestes, tous ces petits mots, toutes ces d\u00e9risoires (en apparence)\nmanifestations quotidiennes nous manquent plus que son absence !<\/p>\n\n\n\n<p class=\"wp-block-paragraph\">Nous n\u2019avons pas forc\u00e9ment besoin de le savoir, mais nous avons\nbesoin, tous et toutes, qu\u2019on nous le manifeste, d\u2019une mani\u00e8re ou d\u2019une autre.<\/p>\n\n\n\n<p class=\"wp-block-paragraph\">Un deuil quel qu\u2019il soit se nourrit toujours de ces petites\nmanifestations du quotidien, et ce sont les festins de l\u2019\u00e2me, dont nous avons\ntous besoin et nous permettent \u00e0 tous et \u00e0 toutes d\u2019attendre, sans impatience,\nle jour o\u00f9 nous nous r\u00eaverons tous\u2026 un jour ou l\u2019autre\u2026 ici o\u00f9 ailleurs\u2026<\/p>\n\n\n\n<p class=\"wp-block-paragraph\">N\u2019attendons pas l\u2019ailleurs pour le lui manifester ici, quand il\nest encore temps de le faire !<\/p>\n\n\n\n<p class=\"wp-block-paragraph\">Ce sont les choses les plus insignifiantes, en apparence, qui sont\nles plus signifiantes !<\/p>\n\n\n\n<p class=\"wp-block-paragraph\"><em>L\u2019entendrez-vous\ntant qu\u2019il est encore temps de le manifester ?<\/em><\/p>\n\n\n\n<p class=\"wp-block-paragraph\">Epilogue&nbsp;:<\/p>\n\n\n\n<p style=\"color:#0373a3\" class=\"has-text-color has-medium-font-size wp-block-paragraph\"><em>Si\ntu ne l\u2019as pas fait du temps de sa pr\u00e9sence \u00e0 tes c\u00f4t\u00e9s, rappelle-toi que son\nabsence n\u2019est que l\u2019illusion de tes regrets, il\/elle est toujours l\u00e0 \u00e0 tes\nc\u00f4t\u00e9s, invisible, certes, mais presque palpable d\u00e8s que tu sors de tes regrets\nou de tes culpabilit\u00e9s !<\/em><\/p>\n\n\n\n<p style=\"color:#0064a3\" class=\"has-text-color has-text-align-right has-large-font-size wp-block-paragraph\"><em>Raymond MAGDELAINE<\/em><\/p>\n","protected":false},"excerpt":{"rendered":"<p>\u00ab Ce n\u2019\u00e9tait rien qu\u2019un peu d\u2019amour, mais dans mon \u00e2me il continue \u00e0 me nourrir \u00e0 la mani\u00e8re d&rsquo;un grand festin. \u00bb Je passe ma vie, nous passons notre vie \u00e0 c\u00f4t\u00e9 d\u2019un \u00eatre qui nous est cher, et le temps\u2026 la routine\u2026 la peur de lui dire, celle de lui manifester par un &hellip; <a href=\"https:\/\/rmagdelaine.fr\/ame\/2019\/08\/30\/ce-netait-rien-quun-peu-damour\/\" class=\"more-link\">Continuer la lecture de <span class=\"screen-reader-text\">Ce n\u2019\u00e9tait rien, qu\u2019un peu d\u2019amour&#8230;<\/span> <span class=\"meta-nav\">&rarr;<\/span><\/a><\/p>\n","protected":false},"author":1,"featured_media":0,"comment_status":"open","ping_status":"open","sticky":false,"template":"","format":"chat","meta":{"_crdt_document":"","footnotes":""},"categories":[1],"tags":[],"class_list":["post-4201","post","type-post","status-publish","format-chat","hentry","category-new-chroniques","post_format-post-format-chat"],"_links":{"self":[{"href":"https:\/\/rmagdelaine.fr\/ame\/wp-json\/wp\/v2\/posts\/4201","targetHints":{"allow":["GET"]}}],"collection":[{"href":"https:\/\/rmagdelaine.fr\/ame\/wp-json\/wp\/v2\/posts"}],"about":[{"href":"https:\/\/rmagdelaine.fr\/ame\/wp-json\/wp\/v2\/types\/post"}],"author":[{"embeddable":true,"href":"https:\/\/rmagdelaine.fr\/ame\/wp-json\/wp\/v2\/users\/1"}],"replies":[{"embeddable":true,"href":"https:\/\/rmagdelaine.fr\/ame\/wp-json\/wp\/v2\/comments?post=4201"}],"version-history":[{"count":3,"href":"https:\/\/rmagdelaine.fr\/ame\/wp-json\/wp\/v2\/posts\/4201\/revisions"}],"predecessor-version":[{"id":4205,"href":"https:\/\/rmagdelaine.fr\/ame\/wp-json\/wp\/v2\/posts\/4201\/revisions\/4205"}],"wp:attachment":[{"href":"https:\/\/rmagdelaine.fr\/ame\/wp-json\/wp\/v2\/media?parent=4201"}],"wp:term":[{"taxonomy":"category","embeddable":true,"href":"https:\/\/rmagdelaine.fr\/ame\/wp-json\/wp\/v2\/categories?post=4201"},{"taxonomy":"post_tag","embeddable":true,"href":"https:\/\/rmagdelaine.fr\/ame\/wp-json\/wp\/v2\/tags?post=4201"}],"curies":[{"name":"wp","href":"https:\/\/api.w.org\/{rel}","templated":true}]}}