{"id":4127,"date":"2019-04-30T06:59:31","date_gmt":"2019-04-30T05:59:31","guid":{"rendered":"http:\/\/rmagdelaine.fr\/ame\/?p=4127"},"modified":"2019-04-30T09:44:33","modified_gmt":"2019-04-30T08:44:33","slug":"un-couple-diabolique","status":"publish","type":"post","link":"https:\/\/rmagdelaine.fr\/ame\/2019\/04\/30\/un-couple-diabolique\/","title":{"rendered":"Un couple diabolique ?"},"content":{"rendered":"\n<p class=\"wp-block-paragraph\">Si\nj\u2019en crois les ess\u00e9niens, \u00ab\u2009<strong>Dieu<\/strong>\u2009\u00bb\naurait \u00ab\u2009envoy\u00e9\u2009\u00bb ici-bas, bien avant J\u00e9sus deux de ses fils, du nom de <strong>Lucifer<\/strong> pour l\u2019un et de <strong>Satan<\/strong> pour l\u2019autre\u2009!<\/p>\n\n\n\n<ul class=\"wp-block-list\"><li>Lucifer\nsignifiant \u00ab\u2009<strong><em>le porteur de la lumi\u00e8re\u2009!<\/em><\/strong>\u2009\u00bb<\/li><li>Satan quant \u00e0 lui signifie \u00ab\u2009<strong><em>l\u2019obstacle ou l\u2019interlocuteur, l\u2019adversaire\u2009!<\/em><\/strong>\u2009\u00bb<\/li><\/ul>\n\n\n\n<p class=\"wp-block-paragraph\">De\nmon point de vue, ce ne sont pas deux \u00eatres diff\u00e9rents incarn\u00e9s et s\u00e9par\u00e9s l\u2019un\nde l\u2019autre, comme le f\u00fbt J\u00e9sus dans un corps physique.<\/p>\n\n\n\n<p class=\"wp-block-paragraph\">Ce\nsont, toujours de mon point de vue deux principes intimement li\u00e9s et en\ninteraction incessante que l\u2019on pourrait comparer au principe du \u00ab\u2009Yin\u2009\u00bb et du\n\u00ab\u2009Yang\u2009\u00bb consid\u00e9r\u00e9s par les Chinois comme <strong>UN<\/strong>\net cherchant sans arr\u00eat \u00e0 trouver le point d\u2019\u00e9quilibre qui est le signe \u00ab\u2009<strong><em>d\u2019une\n\u00e2me saine dans un corps sain\u2009!\u2009<\/em><\/strong>\u00bb<\/p>\n\n\n\n<p class=\"wp-block-paragraph\"><strong>Lucifer<\/strong> est donc pour moi un principe inn\u00e9, qui nous permet de nous <strong>r\u00e9v\u00e9ler<\/strong> nos parts d\u2019ombre, ce qui est\nle r\u00f4le essentiel de toute <strong>lumi\u00e8re<\/strong>\net de tous les <strong>porteurs de la lumi\u00e8re<\/strong>\nque nous sommes\u2009!<\/p>\n\n\n\n<p class=\"wp-block-paragraph\">Satan\nest aussi un principe inn\u00e9, qui nous permet de nous <strong>affranchir<\/strong> de tout obstacle, tout adversaire ou interlocuteur qui\npourraient entraver notre ascension vers notre Soi\u2009!<\/p>\n\n\n\n<p class=\"wp-block-paragraph\">Ces\ndeux principes indissociables, sont \u00e0 l\u2019origine, toujours de mon point de vue,\nde ce que nous appelons <strong>la religion<\/strong>,\nqui est cens\u00e9 originellement <strong>cr\u00e9er le\nlien<\/strong> et qui d\u00e9voy\u00e9e par les dogmes des hommes n\u2019a fait que nous diviser\u2009!<\/p>\n\n\n\n<p class=\"wp-block-paragraph\">Le\ntroisi\u00e8me fils de Dieu n\u2019est pas un principe, mais un ma\u00eetre de sagesse incarn\u00e9\nvolontairement dans un corps physique sous le nom de <strong>Jeshua<\/strong>, qui est venu nous pr\u00e9parer \u00e0 l\u2019entr\u00e9e dans un autre monde\no\u00f9 <strong>nous serions tous le roi de notre\nroyaume<\/strong>.<\/p>\n\n\n\n<p class=\"wp-block-paragraph\">Enseignement\nque des hommes d\u2019\u00c9glise ont transform\u00e9 en une autre forme de religion dite le \u00ab\u2009Catholicisme\u2009\u00bb\net qui est en train de s\u2019effondrer, au moment m\u00eame o\u00f9 j\u2019\u00e9cris cette chronique, tels\nles murs de J\u00e9richo\u2009!<\/p>\n\n\n\n<figure class=\"wp-block-image\"><img loading=\"lazy\" decoding=\"async\" width=\"850\" height=\"586\" src=\"http:\/\/rmagdelaine.fr\/ame\/wp-content\/uploads\/2019\/04\/J\u00e9richo.jpg\" alt=\"\" class=\"wp-image-4129\" srcset=\"https:\/\/rmagdelaine.fr\/ame\/wp-content\/uploads\/2019\/04\/J\u00e9richo.jpg 850w, https:\/\/rmagdelaine.fr\/ame\/wp-content\/uploads\/2019\/04\/J\u00e9richo-300x207.jpg 300w, https:\/\/rmagdelaine.fr\/ame\/wp-content\/uploads\/2019\/04\/J\u00e9richo-768x529.jpg 768w\" sizes=\"auto, (max-width: 850px) 100vw, 850px\" \/><figcaption> Et les murailles de J\u00e9richo s&rsquo;effondr\u00e8rent par la volont\u00e9 divine  !<\/figcaption><\/figure>\n\n\n\n<p class=\"wp-block-paragraph\">Ce\nfils de \u00ab\u2009Dieu\u2009\u00bb fait homme est celui qui nous dit que le temps de la croyance\n\u00e0 un \u00ab\u2009<strong><em>P\u00e8re No\u00ebl<\/em><\/strong>\u2009\u00bb (<strong><em>les religions<\/em><\/strong>) est derri\u00e8re nous, et\nqu\u2019il faut que nous nous ouvrions tous et toutes \u00e0 la <strong>spiritualit\u00e9<\/strong>\u2009!<\/p>\n\n\n\n<p class=\"wp-block-paragraph\"><strong>Spiritualit\u00e9<\/strong> entendue par la langue des oiseaux est l\u2019esprit (spirit) qui tue\nla dualit\u00e9.<\/p>\n\n\n\n<p class=\"wp-block-paragraph\"><strong>Dualit\u00e9<\/strong> qui n\u2019a cess\u00e9 de nous conduire t\u00eate baiss\u00e9e droit dans le mur de\ntoutes nos impasses.<\/p>\n\n\n\n<p class=\"wp-block-paragraph\"><em>La spiritualit\u00e9 est donc l\u2019\u0153uvre conjugu\u00e9e, au fil du temps, de\nLucifer, de Satan<a href=\"#_ftn1\"><strong>[1]<\/strong><\/a>et de Jeshua<a href=\"#_ftn2\"><strong>[2]<\/strong><\/a><strong>,<\/strong> qui \u00e0 eux trois<a href=\"#_ftn3\"><strong>[3]<\/strong><\/a>\nnous ont permis\u2026 ou pas, de nous ouvrir \u00e0 la nouvelle \u00e8re, celle du Verseau,\nqui se met en place, en s\u2019affranchissant toute seule, comme une grande fille\nqui n\u2019est plus celle de l\u2019\u00e9glise, de ses obstacles de ses interlocuteurs ou de\nses adversaires\u2009!<\/em><\/p>\n\n\n\n<p class=\"wp-block-paragraph\"><em>Qu\u2019on se le dise, car en v\u00e9rit\u00e9, que nous le voulions ou pas\ncette nouvelle \u00e8re sera spirituelle ici-bas, avec l\u2019humanit\u00e9 ou pas\u2026, enfin si\nGa\u00efa d\u00e9cide de nous conserver en tant qu\u2019esp\u00e8ce nuisible \u00e0 son \u00e9quilibre\u2009!<\/em><br><\/p>\n\n\n\n<hr class=\"wp-block-separator\"\/>\n\n\n\n<p class=\"wp-block-paragraph\"><a href=\"#_ftnref1\"><strong><em><strong>[1]<\/strong><\/em><\/strong><\/a><strong><em> <\/em><\/strong><em>Deux principes qui continuent de nous inviter sans\ncesse vers l\u2019\u00e9quilibre de l\u2019harmonie\u2009!<\/em><\/p>\n\n\n\n<p class=\"wp-block-paragraph\"><a href=\"#_ftnref2\"><strong><em><strong>[2]<\/strong><\/em><\/strong><\/a><strong><em> <\/em><\/strong><em>Ma\u00eetre ascensionn\u00e9 qui nous invite \u00e0 nous\naffranchir\u2009!<\/em><\/p>\n\n\n\n<p class=\"wp-block-paragraph\"><a href=\"#_ftnref3\"><strong><em><strong>[3]<\/strong><\/em><\/strong><\/a><em> Ils sont une forme de trinit\u00e9 avec Notre P\u00e8re, ses\nfils, et l\u2019esprit sein en qui en d\u00e9coule\u2009!<\/em><\/p>\n","protected":false},"excerpt":{"rendered":"<p>Si j\u2019en crois les ess\u00e9niens, \u00ab\u2009Dieu\u2009\u00bb aurait \u00ab\u2009envoy\u00e9\u2009\u00bb ici-bas, bien avant J\u00e9sus deux de ses fils, du nom de Lucifer pour l\u2019un et de Satan pour l\u2019autre\u2009! Lucifer signifiant \u00ab\u2009le porteur de la lumi\u00e8re\u2009!\u2009\u00bb Satan quant \u00e0 lui signifie \u00ab\u2009l\u2019obstacle ou l\u2019interlocuteur, l\u2019adversaire\u2009!\u2009\u00bb De mon point de vue, ce ne sont pas deux \u00eatres diff\u00e9rents &hellip; <a href=\"https:\/\/rmagdelaine.fr\/ame\/2019\/04\/30\/un-couple-diabolique\/\" class=\"more-link\">Continuer la lecture de <span class=\"screen-reader-text\">Un couple diabolique ?<\/span> <span class=\"meta-nav\">&rarr;<\/span><\/a><\/p>\n","protected":false},"author":1,"featured_media":0,"comment_status":"open","ping_status":"open","sticky":false,"template":"","format":"chat","meta":{"_crdt_document":"","footnotes":""},"categories":[1],"tags":[],"class_list":["post-4127","post","type-post","status-publish","format-chat","hentry","category-new-chroniques","post_format-post-format-chat"],"_links":{"self":[{"href":"https:\/\/rmagdelaine.fr\/ame\/wp-json\/wp\/v2\/posts\/4127","targetHints":{"allow":["GET"]}}],"collection":[{"href":"https:\/\/rmagdelaine.fr\/ame\/wp-json\/wp\/v2\/posts"}],"about":[{"href":"https:\/\/rmagdelaine.fr\/ame\/wp-json\/wp\/v2\/types\/post"}],"author":[{"embeddable":true,"href":"https:\/\/rmagdelaine.fr\/ame\/wp-json\/wp\/v2\/users\/1"}],"replies":[{"embeddable":true,"href":"https:\/\/rmagdelaine.fr\/ame\/wp-json\/wp\/v2\/comments?post=4127"}],"version-history":[{"count":3,"href":"https:\/\/rmagdelaine.fr\/ame\/wp-json\/wp\/v2\/posts\/4127\/revisions"}],"predecessor-version":[{"id":4132,"href":"https:\/\/rmagdelaine.fr\/ame\/wp-json\/wp\/v2\/posts\/4127\/revisions\/4132"}],"wp:attachment":[{"href":"https:\/\/rmagdelaine.fr\/ame\/wp-json\/wp\/v2\/media?parent=4127"}],"wp:term":[{"taxonomy":"category","embeddable":true,"href":"https:\/\/rmagdelaine.fr\/ame\/wp-json\/wp\/v2\/categories?post=4127"},{"taxonomy":"post_tag","embeddable":true,"href":"https:\/\/rmagdelaine.fr\/ame\/wp-json\/wp\/v2\/tags?post=4127"}],"curies":[{"name":"wp","href":"https:\/\/api.w.org\/{rel}","templated":true}]}}