{"id":4118,"date":"2019-04-12T18:45:28","date_gmt":"2019-04-12T17:45:28","guid":{"rendered":"http:\/\/rmagdelaine.fr\/ame\/?p=4118"},"modified":"2019-04-15T04:54:20","modified_gmt":"2019-04-15T03:54:20","slug":"gilet-jaune-dans-lame-je-suis","status":"publish","type":"post","link":"https:\/\/rmagdelaine.fr\/ame\/2019\/04\/12\/gilet-jaune-dans-lame-je-suis\/","title":{"rendered":"Gilet jaune dans l&rsquo;\u00e2me, je suis !"},"content":{"rendered":"\n<p style=\"color:#0374a5\" class=\"has-text-color has-medium-font-size wp-block-paragraph\"><em>N\u2019en d\u00e9plaise \u00e0 Voltaire ou \u00e0 certains de mes amis !<\/em><\/p>\n\n\n\n<p class=\"wp-block-paragraph\"><strong>Gilet jaune<\/strong> <strong><em>(1) <\/em>dans l\u2019\u00e2me je suis<\/strong>, car comme eux je ne supporte plus dans mon pays, mais aussi sur cette plan\u00e8te, qu\u2019une minorit\u00e9 d\u2019\u00eatres humains qui se prennent pour des dieux, oppriment, affament, pillent sans vergogne la plan\u00e8te comme s\u2019ils en \u00e9taient les propri\u00e9taires.<\/p>\n\n\n\n<p class=\"wp-block-paragraph\"><strong>Comme les gilets jaunes<\/strong>, j\u2019en ai ras le bol :<br> <em>\u2022 De toutes les taxes qui pleuvent pour un oui pour un non sur le peuple,<br> \u2022 De toutes les augmentations de ceci cela, alors que dans le m\u00eame temps les revenus stagnent,<br> \u2022 De tous ces pseudos repr\u00e9sentants, tous ces pseudos \u00e9lus sans r\u00e9elle majorit\u00e9 d\u00e9mocratique, qui ne pensent qu\u2019\u00e0 leurs propres int\u00e9r\u00eats.<br> \u2022 De tous les privil\u00e8ges d\u2019un autre \u00e2ge qu\u2019ils s\u2019octroient, pendant qu\u2019ils r\u00e9duisent notre pouvoir d\u2019achat, pour s\u2019en mettre un peu plus dans les fouilles !<\/em><\/p>\n\n\n\n<p class=\"wp-block-paragraph\"><strong>Comme les gilets jaunes<\/strong>, mais aussi comme un nombre de plus en plus croissant de terriens, j\u2019ai pris conscience que la fin de l\u2019Ancien Monde est venue et qu\u2019il est plus que temps pour le peuple, c\u2019est-\u00e0-dire pour la grande majorit\u00e9 des \u00eatres humains qui peuplent la terre, de mettre en \u0153uvre le Nouveau Monde.<\/p>\n\n\n\n<p class=\"wp-block-paragraph\"><strong>Comme les gilets jaunes<\/strong>, je pense que si nous ne faisons rien pour transformer le monde, personne ne le fera \u00e0 notre place, et surtout pas la petite minorit\u00e9 de demi-dieux qui n\u2019ont aucun int\u00e9r\u00eat p\u00e9cuniaire \u00e0 le faire !<\/p>\n\n\n\n<p class=\"wp-block-paragraph\"><strong>Comme les gilets jaunes le font sur les ronds-points <\/strong>(qu\u2019ils ne bloquent plus depuis belle lurette), je pense \u00e0 la mani\u00e8re dont pourrait se mettre en place une d\u00e9mocratie digne de ce nom pr\u00e9servant les int\u00e9r\u00eats de tous.<\/p>\n\n\n\n<p class=\"wp-block-paragraph\"><strong>Comme les gilets jaunes<\/strong>, je ne pense pas qu\u2019apr\u00e8s moi sera le d\u00e9luge, je pense qu\u2019il faut que je sorte d&rsquo;urgence les mains de mes poches pour que mes enfants, petits et arri\u00e8re-petits-enfants puissent s\u2019\u00e9panouir sur Ga\u00efa.<\/p>\n\n\n\n<p class=\"wp-block-paragraph\"><strong>Comme les gilets jaunes<\/strong>, et beaucoup d\u2019autres qui ne les soutiennent pas forc\u00e9ment, j\u2019ai pris conscience qu\u2019il faut que je change mes comportements, envers tous les \u00eatres vivants qui peuplent la terre tout en contribuant \u00e0 sa croissance, et que j\u2019arr\u00eate de me comporter comme un irresponsable.<\/p>\n\n\n\n<p style=\"color:#0081a3\" class=\"has-text-color has-medium-font-size wp-block-paragraph\"><em><strong>Dernier point, \u00e0 mes yeux tr\u00e8s important. <\/strong><\/em><\/p>\n\n\n\n<p class=\"wp-block-paragraph\"><strong>Comme les Gilets jaunes<\/strong>, je suis fondamentalement pacifique, mais cela ne veut pas dire que je suis un mouton b\u00ealant, ou un veau qu\u2019on tente de pr\u00e9parer psychologiquement \u00e0 l\u2019\u00e9quarrissage.<\/p>\n\n\n\n<p class=\"wp-block-paragraph\"><strong>Comme les gilets jaunes<\/strong>, je pense qu\u2019il ne faut plus rien l\u00e2cher, pour une bonne et simple raison, c\u2019est que nous n\u2019avons plus rien \u00e0 perdre, ou plus grand-chose \u00e0 perdre, et l\u00e0 je vous parle bien entendu du peuple fran\u00e7ais, mais aussi des peuples de la terre.<\/p>\n\n\n\n<p class=\"has-medium-font-size wp-block-paragraph\"><em>Par contre je sais que certains parmi vous vont me l\u00e2cher, j\u2019en serai triste c\u2019est s\u00fbr, mais sachez qu\u2019au croisement des chemins o\u00f9 se trouve l\u2019humanit\u00e9, mon choix est fait et ce choix est bien plus imp\u00e9rieux que de vouloir pr\u00e9server des faux-semblant.<\/em><\/p>\n\n\n\n<p class=\"wp-block-paragraph\">L\u2019<strong>humanit\u00e9 sera spirituelle<\/strong>, ou dispara\u00eetra de la surface de cette plan\u00e8te comme l\u2019ont d\u00e9j\u00e0 fait les dinosaures et bien d\u2019autres esp\u00e8ces avant elle.<\/p>\n\n\n\n<p class=\"wp-block-paragraph\"><strong>Je suis gilets jaunes <\/strong>, n\u2019en d\u00e9plaise, aux pisse-froid et aux pisse-vinaigre, que j\u2019aime bien quand m\u00eame, car ils sont sur cette terre, mes fr\u00e8res et mes s\u0153urs d\u2019infortunes !<\/p>\n\n\n\n<div class=\"wp-block-image\"><figure class=\"aligncenter\"><img loading=\"lazy\" decoding=\"async\" width=\"474\" height=\"325\" src=\"http:\/\/rmagdelaine.fr\/ame\/wp-content\/uploads\/2019\/04\/Nouveau-monde-plus-solidaire.jpg\" alt=\"\" class=\"wp-image-4119\" srcset=\"https:\/\/rmagdelaine.fr\/ame\/wp-content\/uploads\/2019\/04\/Nouveau-monde-plus-solidaire.jpg 474w, https:\/\/rmagdelaine.fr\/ame\/wp-content\/uploads\/2019\/04\/Nouveau-monde-plus-solidaire-300x206.jpg 300w\" sizes=\"auto, (max-width: 474px) 100vw, 474px\" \/><figcaption>L\u00e0 o\u00f9 cro\u00eet le d\u00e9sespoir, cro\u00eet aussi l&rsquo;espoir !<\/figcaption><\/figure><\/div>\n\n\n\n<p style=\"color:#0572a1\" class=\"has-text-color has-background has-off-white-background-color wp-block-paragraph\"><strong><em><strong>(1)<\/strong><\/em><\/strong><em>  Si le vocable \u00ab <strong>Gilet jaune <\/strong>\u00bb te h\u00e9risse le poil, change-le par celui \u00ab <strong>d\u2019homme responsable<\/strong> \u00bb, ou <\/em> <em>\u00ab <\/em> <em><strong>d\u2019homme sage<\/strong> \u00bb ou \u00ab <strong>intelligent <\/strong>\u00bb qui est la signification exacte du terme homo sapiens qui devrait caract\u00e9riser notre esp\u00e8ce.<\/em><\/p>\n\n\n\n<p style=\"color:#0472a1;text-align:right\" class=\"has-text-color has-medium-font-size wp-block-paragraph\"><em><strong>Raymond MAGDELAINE<\/strong><\/em><\/p>\n","protected":false},"excerpt":{"rendered":"<p>N\u2019en d\u00e9plaise \u00e0 Voltaire ou \u00e0 certains de mes amis ! Gilet jaune (1) dans l\u2019\u00e2me je suis, car comme eux je ne supporte plus dans mon pays, mais aussi sur cette plan\u00e8te, qu\u2019une minorit\u00e9 d\u2019\u00eatres humains qui se prennent pour des dieux, oppriment, affament, pillent sans vergogne la plan\u00e8te comme s\u2019ils en \u00e9taient les &hellip; <a href=\"https:\/\/rmagdelaine.fr\/ame\/2019\/04\/12\/gilet-jaune-dans-lame-je-suis\/\" class=\"more-link\">Continuer la lecture de <span class=\"screen-reader-text\">Gilet jaune dans l&rsquo;\u00e2me, je suis !<\/span> <span class=\"meta-nav\">&rarr;<\/span><\/a><\/p>\n","protected":false},"author":1,"featured_media":0,"comment_status":"open","ping_status":"open","sticky":false,"template":"","format":"chat","meta":{"_crdt_document":"","footnotes":""},"categories":[1],"tags":[],"class_list":["post-4118","post","type-post","status-publish","format-chat","hentry","category-new-chroniques","post_format-post-format-chat"],"_links":{"self":[{"href":"https:\/\/rmagdelaine.fr\/ame\/wp-json\/wp\/v2\/posts\/4118","targetHints":{"allow":["GET"]}}],"collection":[{"href":"https:\/\/rmagdelaine.fr\/ame\/wp-json\/wp\/v2\/posts"}],"about":[{"href":"https:\/\/rmagdelaine.fr\/ame\/wp-json\/wp\/v2\/types\/post"}],"author":[{"embeddable":true,"href":"https:\/\/rmagdelaine.fr\/ame\/wp-json\/wp\/v2\/users\/1"}],"replies":[{"embeddable":true,"href":"https:\/\/rmagdelaine.fr\/ame\/wp-json\/wp\/v2\/comments?post=4118"}],"version-history":[{"count":3,"href":"https:\/\/rmagdelaine.fr\/ame\/wp-json\/wp\/v2\/posts\/4118\/revisions"}],"predecessor-version":[{"id":4123,"href":"https:\/\/rmagdelaine.fr\/ame\/wp-json\/wp\/v2\/posts\/4118\/revisions\/4123"}],"wp:attachment":[{"href":"https:\/\/rmagdelaine.fr\/ame\/wp-json\/wp\/v2\/media?parent=4118"}],"wp:term":[{"taxonomy":"category","embeddable":true,"href":"https:\/\/rmagdelaine.fr\/ame\/wp-json\/wp\/v2\/categories?post=4118"},{"taxonomy":"post_tag","embeddable":true,"href":"https:\/\/rmagdelaine.fr\/ame\/wp-json\/wp\/v2\/tags?post=4118"}],"curies":[{"name":"wp","href":"https:\/\/api.w.org\/{rel}","templated":true}]}}