{"id":3949,"date":"2018-12-23T10:47:58","date_gmt":"2018-12-23T09:47:58","guid":{"rendered":"http:\/\/rmagdelaine.fr\/ame\/?p=3949"},"modified":"2018-12-23T10:47:58","modified_gmt":"2018-12-23T09:47:58","slug":"il-est-ne","status":"publish","type":"post","link":"https:\/\/rmagdelaine.fr\/ame\/2018\/12\/23\/il-est-ne\/","title":{"rendered":"Il est n\u00e9 !"},"content":{"rendered":"\n<figure class=\"wp-block-image\"><img loading=\"lazy\" decoding=\"async\" width=\"628\" height=\"340\" src=\"http:\/\/rmagdelaine.fr\/ame\/wp-content\/uploads\/2018\/12\/Il-est-n\u00e9.png\" alt=\"\" class=\"wp-image-3950\" srcset=\"https:\/\/rmagdelaine.fr\/ame\/wp-content\/uploads\/2018\/12\/Il-est-n\u00e9.png 628w, https:\/\/rmagdelaine.fr\/ame\/wp-content\/uploads\/2018\/12\/Il-est-n\u00e9-300x162.png 300w\" sizes=\"auto, (max-width: 628px) 100vw, 628px\" \/><\/figure>\n\n\n\n<p style=\"color:#0077a3;font-size:22px;text-align:center\" class=\"has-text-color wp-block-paragraph\"><strong>Il est n\u00e9,<\/strong><\/p>\n\n\n\n<p class=\"wp-block-paragraph\" style=\"text-align:center\">Il y a plus de deux\nmille ans,<\/p>\n\n\n\n<p class=\"wp-block-paragraph\" style=\"text-align:center\">Pour nous rappeler\nque l\u2019enfant est roi dans notre royaume,<\/p>\n\n\n\n<p class=\"wp-block-paragraph\" style=\"text-align:center\">Qu\u2019il est pr\u00e9cieux\npour nous,<\/p>\n\n\n\n<p class=\"wp-block-paragraph\" style=\"text-align:center\">Qu\u2019il soit pr\u00e8s de\nnous ou pr\u00e8s des cieux,<\/p>\n\n\n\n<p class=\"wp-block-paragraph\" style=\"text-align:center\">Qu\u2019il soit tr\u00e8s jeune\nou tr\u00e8s vieux,<\/p>\n\n\n\n<p class=\"wp-block-paragraph\" style=\"text-align:center\">Il est pr\u00e9sent\u2009!<\/p>\n\n\n\n<p class=\"wp-block-paragraph\" style=\"text-align:center\">Pr\u00e9sent qui nous est offert\npour nous ouvrir les yeux du c\u0153ur,<\/p>\n\n\n\n<p class=\"wp-block-paragraph\" style=\"text-align:center\">Il est l\u2019enfant roi\nde toute \u00e9ternit\u00e9,<\/p>\n\n\n\n<p class=\"wp-block-paragraph\" style=\"text-align:center\">Il est le sauveur d\u2019une\nhumanit\u00e9 souffrante,<\/p>\n\n\n\n<p class=\"wp-block-paragraph\" style=\"text-align:center\">Il est notre\nprolongement,<\/p>\n\n\n\n<p class=\"wp-block-paragraph\" style=\"text-align:center\">Il est celui qui ne\nment pas.<\/p>\n\n\n\n<p class=\"wp-block-paragraph\" style=\"text-align:center\">Il est celui qui nous\naime tels que nous sommes,<\/p>\n\n\n\n<p class=\"wp-block-paragraph\" style=\"text-align:center\">Il est la somme de ce\nque nous sommes,<\/p>\n\n\n\n<p class=\"wp-block-paragraph\" style=\"text-align:center\">Il est l\u2019unique\nplanche de salut,<\/p>\n\n\n\n<p class=\"wp-block-paragraph\" style=\"text-align:center\">Celui qui va perp\u00e9tuer\nnotre souvenir,<\/p>\n\n\n\n<p class=\"wp-block-paragraph\" style=\"text-align:center\">Celui qui va nous\ngu\u00e9rir en se gu\u00e9rissant,<\/p>\n\n\n\n<p class=\"wp-block-paragraph\" style=\"text-align:center\">Celui qui va\ncomprendre ce que nous n\u2019avons pas compris.<\/p>\n\n\n\n<p class=\"wp-block-paragraph\" style=\"text-align:center\">Il est l\u2019enfant que\nnous aurions voulu \u00eatre,<\/p>\n\n\n\n<p class=\"wp-block-paragraph\" style=\"text-align:center\">Il est le miroir de\nce que nous sommes,<\/p>\n\n\n\n<p class=\"wp-block-paragraph\" style=\"text-align:center\">Il n\u00e9 et re n\u00e9 sans\ncesse dans nos pens\u00e9es.<\/p>\n\n\n\n<p class=\"wp-block-paragraph\" style=\"text-align:center\">Bienvenu \u00e0 lui,\nbienvenue \u00e0 toi, bienvenue \u00e0 vous tous,<\/p>\n\n\n\n<p class=\"wp-block-paragraph\" style=\"text-align:center\">Dans ce royaume o\u00f9 seul\nl\u2019enfant est roi\u2009!<\/p>\n\n\n\n<p style=\"color:#0081a3;font-size:22px;text-align:center\" class=\"has-text-color wp-block-paragraph\"><strong>All\u00e9luia\u2009!<\/strong><\/p>\n","protected":false},"excerpt":{"rendered":"<p>Il est n\u00e9, Il y a plus de deux mille ans, Pour nous rappeler que l\u2019enfant est roi dans notre royaume, Qu\u2019il est pr\u00e9cieux pour nous, Qu\u2019il soit pr\u00e8s de nous ou pr\u00e8s des cieux, Qu\u2019il soit tr\u00e8s jeune ou tr\u00e8s vieux, Il est pr\u00e9sent\u2009! Pr\u00e9sent qui nous est offert pour nous ouvrir les yeux &hellip; <a href=\"https:\/\/rmagdelaine.fr\/ame\/2018\/12\/23\/il-est-ne\/\" class=\"more-link\">Continuer la lecture de <span class=\"screen-reader-text\">Il est n\u00e9 !<\/span> <span class=\"meta-nav\">&rarr;<\/span><\/a><\/p>\n","protected":false},"author":1,"featured_media":0,"comment_status":"open","ping_status":"open","sticky":false,"template":"","format":"chat","meta":{"_crdt_document":"","footnotes":""},"categories":[1],"tags":[],"class_list":["post-3949","post","type-post","status-publish","format-chat","hentry","category-new-chroniques","post_format-post-format-chat"],"_links":{"self":[{"href":"https:\/\/rmagdelaine.fr\/ame\/wp-json\/wp\/v2\/posts\/3949","targetHints":{"allow":["GET"]}}],"collection":[{"href":"https:\/\/rmagdelaine.fr\/ame\/wp-json\/wp\/v2\/posts"}],"about":[{"href":"https:\/\/rmagdelaine.fr\/ame\/wp-json\/wp\/v2\/types\/post"}],"author":[{"embeddable":true,"href":"https:\/\/rmagdelaine.fr\/ame\/wp-json\/wp\/v2\/users\/1"}],"replies":[{"embeddable":true,"href":"https:\/\/rmagdelaine.fr\/ame\/wp-json\/wp\/v2\/comments?post=3949"}],"version-history":[{"count":1,"href":"https:\/\/rmagdelaine.fr\/ame\/wp-json\/wp\/v2\/posts\/3949\/revisions"}],"predecessor-version":[{"id":3951,"href":"https:\/\/rmagdelaine.fr\/ame\/wp-json\/wp\/v2\/posts\/3949\/revisions\/3951"}],"wp:attachment":[{"href":"https:\/\/rmagdelaine.fr\/ame\/wp-json\/wp\/v2\/media?parent=3949"}],"wp:term":[{"taxonomy":"category","embeddable":true,"href":"https:\/\/rmagdelaine.fr\/ame\/wp-json\/wp\/v2\/categories?post=3949"},{"taxonomy":"post_tag","embeddable":true,"href":"https:\/\/rmagdelaine.fr\/ame\/wp-json\/wp\/v2\/tags?post=3949"}],"curies":[{"name":"wp","href":"https:\/\/api.w.org\/{rel}","templated":true}]}}