{"id":3938,"date":"2018-12-20T08:18:51","date_gmt":"2018-12-20T07:18:51","guid":{"rendered":"http:\/\/rmagdelaine.fr\/ame\/?p=3938"},"modified":"2018-12-20T17:29:35","modified_gmt":"2018-12-20T16:29:35","slug":"de-quoi-demain-sera-fait%e2%80%89","status":"publish","type":"post","link":"https:\/\/rmagdelaine.fr\/ame\/2018\/12\/20\/de-quoi-demain-sera-fait%e2%80%89\/","title":{"rendered":"De quoi demain sera-t-il fait\u2009?"},"content":{"rendered":"\n<p style=\"color:#005aa3;font-size:22px\" class=\"has-text-color wp-block-paragraph\"><em>Grande\ninterrogation des hominid\u00e9s peuplant cette plan\u00e8te face aux manifestations d\u2019une\nhumanit\u00e9 qui continue \u00e0 se chercher et d\u2019une autre qui a enfin fini par se (re)\ntrouver. <strong>All\u00e9luia\u2009!<\/strong><\/em><\/p>\n\n\n\n<p class=\"wp-block-paragraph\"><strong><em>\u00ab\u2009C\u2019est\nquoi que tu dis Raymond, je pige rien de ce que tu causes\u2009?\u2009\u00bb<\/em><\/strong><\/p>\n\n\n\n<p class=\"wp-block-paragraph\"><strong><em>\u00ab\u2009Moi\ny en a t\u2019expliquer mon fr\u00e8re, ma s\u0153ur qui a peur de demain\u2009!\u2009\u00bb<\/em><\/strong><\/p>\n\n\n\n<p class=\"has-text-color has-medium-font-size has-medium-brown-color wp-block-paragraph\"><strong><em>Demain sera et a\ntoujours \u00e9t\u00e9 construit avec ce dont on se nourrit aujourd\u2019hui\u2009!<\/em><\/strong><\/p>\n\n\n\n<ul class=\"wp-block-list\"><li>Si aujourd\u2019hui tu t\u2019alimentes de tes peurs de tes doutes, de tes haines\u2026 demain sera fait de tout cela, tu continueras \u00e0 y avoir peur, \u00e0 douter de tous et surtout de toi-m\u00eame, et tu ha\u00efras ton prochain\u2026 qui avoue-le publiquement, ne peut qu\u2019\u00eatre la cause de tous tes malheurs\u2009! <strong><em>Je me trompe\u2009?<\/em><\/strong><\/li><\/ul>\n\n\n\n<p class=\"has-text-color has-medium-brown-color wp-block-paragraph\"><strong>Entends-tu Calim\u00e9ro\u2009?<\/strong><\/p>\n\n\n\n<ul class=\"wp-block-list\"><li>Si aujourd\u2019hui tu te nourris sans crainte de l\u2019assurance que la vie ne t\u2019apporte que ce dont tu as besoin et que tu te fais et lui fais confiance, alors tu constateras qu\u2019autrui n\u2019est pas fait d\u2019un autre bois que le tien et qu\u2019ici-bas, il n\u2019est que le miroir de ce que tu es et que tu es pour lui le reflet de ce qu\u2019il est, un fr\u00e8re une s\u0153ur, venus comme toi, sans le savoir plus que toi, construire le monde de demain\u2009!<\/li><\/ul>\n\n\n\n<p class=\"has-text-color has-medium-brown-color wp-block-paragraph\"><strong>Comprends-tu ma s\u0153ur, mon fr\u00e8re ?<\/strong><\/p>\n\n\n\n<p class=\"wp-block-paragraph\"><strong>Qu\u2019en tu entends ceci&nbsp;: <\/strong><em>\u00ab\u2009Il\ny a de nombreuses demeures au royaume de mon (notre) P\u00e8re\u2009!\u2009\u00bb<\/em><strong><\/strong><\/p>\n\n\n\n<p class=\"wp-block-paragraph\"><strong>Comprends&nbsp;: <\/strong><em>\u00ab\u2009Tu\nhabiteras dans la demeure que tu te construis, car Dieu n\u2019est que l\u2019architecte\net toi le ma\u00e7on qui n\u2019a pas encore bien d\u00e9cod\u00e9 les plans de ton royaume.\u2009\u00bb<\/em><\/p>\n\n\n\n<figure class=\"wp-block-image\"><img loading=\"lazy\" decoding=\"async\" width=\"600\" height=\"461\" src=\"http:\/\/rmagdelaine.fr\/ame\/wp-content\/uploads\/2018\/12\/Corne-de-Babel.jpg\" alt=\"\" class=\"wp-image-3939\" srcset=\"https:\/\/rmagdelaine.fr\/ame\/wp-content\/uploads\/2018\/12\/Corne-de-Babel.jpg 600w, https:\/\/rmagdelaine.fr\/ame\/wp-content\/uploads\/2018\/12\/Corne-de-Babel-300x231.jpg 300w\" sizes=\"auto, (max-width: 600px) 100vw, 600px\" \/><\/figure>\n\n\n\n<p style=\"color:#004ba3;font-size:22px\" class=\"has-text-color wp-block-paragraph\"><em>Si Dieu est le cr\u00e9ateur de l\u2019univers et de tout ce qui y vit, toi tu n\u2019es que le ma\u00e7on de ton royaume ne t\u2019en prends qu\u2019\u00e0 toi s&rsquo;il ressemble \u00e0 l\u2019enfer, car c\u2019est toi et toi seul qui le construit, aujourd\u2019hui\u2009!<\/em><\/p>\n\n\n\n<p style=\"font-size:22px\" class=\"has-text-color has-medium-brown-color wp-block-paragraph\"><strong><em>La fin du monde de la dualit\u00e9 repose enti\u00e8rement en nos mains de ma\u00e7on, la future humanit\u00e9 sera spirituelle ou ne le sera pas&nbsp;! Marcel, ne me regarde pas avec ces yeux de merlan frit, retrousse tes manches et reprend ta truelle en mettant en \u0153uvre scrupuleusement le plan du grand architecte, il sait mieux que nous ce qui est harmonieux pour ses cr\u00e9atures\u2009!<\/em><\/strong><\/p>\n\n\n\n<p class=\"wp-block-paragraph\" style=\"text-align:center\"><strong>&#8212;&#8212;&#8212;-<\/strong><\/p>\n\n\n\n<p style=\"font-size:22px\" class=\"has-text-color has-red-color wp-block-paragraph\"><strong><em>L\u00e0 o\u00f9 cro\u00eet le d\u00e9sespoir, cro\u00eet aussi l\u2019espoir\u2009!<\/em><\/strong><\/p>\n","protected":false},"excerpt":{"rendered":"<p>Grande interrogation des hominid\u00e9s peuplant cette plan\u00e8te face aux manifestations d\u2019une humanit\u00e9 qui continue \u00e0 se chercher et d\u2019une autre qui a enfin fini par se (re) trouver. All\u00e9luia\u2009! \u00ab\u2009C\u2019est quoi que tu dis Raymond, je pige rien de ce que tu causes\u2009?\u2009\u00bb \u00ab\u2009Moi y en a t\u2019expliquer mon fr\u00e8re, ma s\u0153ur qui a peur &hellip; <a href=\"https:\/\/rmagdelaine.fr\/ame\/2018\/12\/20\/de-quoi-demain-sera-fait%e2%80%89\/\" class=\"more-link\">Continuer la lecture de <span class=\"screen-reader-text\">De quoi demain sera-t-il fait\u2009?<\/span> <span class=\"meta-nav\">&rarr;<\/span><\/a><\/p>\n","protected":false},"author":1,"featured_media":0,"comment_status":"open","ping_status":"open","sticky":false,"template":"","format":"chat","meta":{"_crdt_document":"","footnotes":""},"categories":[1],"tags":[],"class_list":["post-3938","post","type-post","status-publish","format-chat","hentry","category-new-chroniques","post_format-post-format-chat"],"_links":{"self":[{"href":"https:\/\/rmagdelaine.fr\/ame\/wp-json\/wp\/v2\/posts\/3938","targetHints":{"allow":["GET"]}}],"collection":[{"href":"https:\/\/rmagdelaine.fr\/ame\/wp-json\/wp\/v2\/posts"}],"about":[{"href":"https:\/\/rmagdelaine.fr\/ame\/wp-json\/wp\/v2\/types\/post"}],"author":[{"embeddable":true,"href":"https:\/\/rmagdelaine.fr\/ame\/wp-json\/wp\/v2\/users\/1"}],"replies":[{"embeddable":true,"href":"https:\/\/rmagdelaine.fr\/ame\/wp-json\/wp\/v2\/comments?post=3938"}],"version-history":[{"count":6,"href":"https:\/\/rmagdelaine.fr\/ame\/wp-json\/wp\/v2\/posts\/3938\/revisions"}],"predecessor-version":[{"id":3948,"href":"https:\/\/rmagdelaine.fr\/ame\/wp-json\/wp\/v2\/posts\/3938\/revisions\/3948"}],"wp:attachment":[{"href":"https:\/\/rmagdelaine.fr\/ame\/wp-json\/wp\/v2\/media?parent=3938"}],"wp:term":[{"taxonomy":"category","embeddable":true,"href":"https:\/\/rmagdelaine.fr\/ame\/wp-json\/wp\/v2\/categories?post=3938"},{"taxonomy":"post_tag","embeddable":true,"href":"https:\/\/rmagdelaine.fr\/ame\/wp-json\/wp\/v2\/tags?post=3938"}],"curies":[{"name":"wp","href":"https:\/\/api.w.org\/{rel}","templated":true}]}}