{"id":2864,"date":"2017-01-27T20:26:54","date_gmt":"2017-01-27T19:26:54","guid":{"rendered":"http:\/\/rmagdelaine.fr\/ame\/?p=2864"},"modified":"2017-01-28T07:41:27","modified_gmt":"2017-01-28T06:41:27","slug":"suis-je-normal","status":"publish","type":"post","link":"https:\/\/rmagdelaine.fr\/ame\/2017\/01\/27\/suis-je-normal\/","title":{"rendered":"Suis-je normal ?"},"content":{"rendered":"<blockquote>\n<p style=\"text-align: center;\"><strong>Dites-moi Docteur, suis-je normal\u2009?<\/strong><\/p>\n<\/blockquote>\n<figure id=\"attachment_2869\" aria-describedby=\"caption-attachment-2869\" style=\"width: 604px\" class=\"wp-caption aligncenter\"><img loading=\"lazy\" decoding=\"async\" class=\"wp-image-2869 size-large\" src=\"http:\/\/rmagdelaine.fr\/ame\/wp-content\/uploads\/2017\/01\/Docteur-Knock-1024x576.jpeg\" width=\"604\" height=\"340\" srcset=\"https:\/\/rmagdelaine.fr\/ame\/wp-content\/uploads\/2017\/01\/Docteur-Knock-1024x576.jpeg 1024w, https:\/\/rmagdelaine.fr\/ame\/wp-content\/uploads\/2017\/01\/Docteur-Knock-300x169.jpeg 300w, https:\/\/rmagdelaine.fr\/ame\/wp-content\/uploads\/2017\/01\/Docteur-Knock-768x432.jpeg 768w, https:\/\/rmagdelaine.fr\/ame\/wp-content\/uploads\/2017\/01\/Docteur-Knock.jpeg 1920w\" sizes=\"auto, (max-width: 604px) 100vw, 604px\" \/><figcaption id=\"caption-attachment-2869\" class=\"wp-caption-text\">Est-ce que \u00e7a vous chatouille, ou est-ce que \u00e7a vous grattouille ?<\/figcaption><\/figure>\n<ul>\n<li>Je viens d\u2019atteindre l\u2019\u00e2ge canonique de septante ans, et sauf si je me mire dans une glace, j\u2019ai encore l\u2019impression de n\u2019avoir que vingt ans\u2009!<\/li>\n<\/ul>\n<ul>\n<li>Du temps pas si lointain, en fait, o\u00f9 Marcel Pagnol avait une dizaine d&rsquo;ann\u00e9es, il prenait son Oncle Jules, qui avait pass\u00e9 le seuil de la quarantaine, pour un vieillard, alors que du temps de l\u2019oncle Jules il n\u2019\u00e9tait pas si rare de mourir autour de la cinquantaine\u2009!<\/li>\n<\/ul>\n<ul>\n<li>Observez-moi bien docteur, je n\u2019ai presque plus de cheveux, regardez comme ils sont devenus gris blanc.<\/li>\n<\/ul>\n<ul>\n<li>Ma peau devient toute flasque.<\/li>\n<\/ul>\n<ul>\n<li>Je suis oblig\u00e9 l\u2019hiver de porter un chapeau pour ne pas risquer de congeler le peu de neurones qui me restent et qui tentent courageusement de laisser croire \u00e0 ceux qui me prennent pour un vieux radoteur que j\u2019ai bien encore toute ma t\u00eate\u2009!<\/li>\n<\/ul>\n<ul>\n<li>Et puis ce n\u2019est pas tout Docteur, je me rends bien compte que je m\u2019approche de la<br \/>\n<strong>\u00ab terrifiante \u00bb<\/strong> derni\u00e8re \u00e9preuve de ma vie, <strong><em>et malgr\u00e9 cela Docteur je suis <u>joyeux<\/u>\u2009!<\/em><\/strong><\/li>\n<\/ul>\n<blockquote>\n<p style=\"text-align: center;\"><strong>Parlez-moi franchement Docteur, je serais fort\u2009! <\/strong><\/p>\n<p style=\"text-align: center;\">C\u2019est cela Alzheimer&#8230; c\u2019est le d\u00e9but de la fin<br \/>\nDocteur\u2009?<\/p>\n<p style=\"text-align: center;\">Soyez franc Docteur, regardez-moi droit dans<br \/>\nles yeux&#8230;<\/p>\n<p style=\"text-align: center;\"><strong>Je suis foutu Docteur\u2009?\u00a0<\/strong><\/p>\n<\/blockquote>\n<p>\u00ab\u2009<em>Mais non, ne vous mettez par martel en t\u00eate il vous reste j\u2019en suis s\u00fbr de <span style=\"text-decoration: line-through;\">nombreuses<\/span>, enfin quelques <span style=\"text-decoration: line-through;\">ann\u00e9es<\/span>, je voulais dire quelques <span style=\"text-decoration: line-through;\">mois<\/span> ou plus pr\u00e9cis\u00e9ment <strong>quelques<\/strong> <strong>jours<\/strong> \u00e0 <span style=\"text-decoration: line-through;\">vivre<\/span>, heu\u2009! <strong>\u00e0 v\u00e9g\u00e9ter<\/strong> voulais-je dire\u2009!<\/em>\u2009\u00bb<\/p>\n<blockquote><p><strong>Ah bon&#8230; c&rsquo;est \u00e0 ce point\u2009!<\/strong><\/p>\n<p>Mais si vous ni voyez aucun inconv\u00e9nient Docteur, je vais prendre votre premier diagnostic, <strong>celui des nombreuses ann\u00e9es qu\u2019il me reste \u00e0 vivre<\/strong>, car voyez-vous Docteur, votre opinion, que je respecte&#8230; comme celle des autres qui me prennent pour un vieux CON, <strong>je m\u2019en fou, mais alors \u00e0 un point que vous ne pouvez pas imaginer Docteur\u2009!<\/strong><\/p>\n<p>Je suis une <strong>Jeanne Calmant<\/strong> homme, voyez-vous et je vous <strong>\u00ab\u2009merde\u2009\u00bb<\/strong>, comme dirais l\u2019in\u00e9narrable Michel Colucci\u00a0!<\/p>\n<p style=\"text-align: right;\">Raymond MAGDELAINE<\/p>\n<\/blockquote>\n","protected":false},"excerpt":{"rendered":"<p>Dites-moi Docteur, suis-je normal\u2009? Je viens d\u2019atteindre l\u2019\u00e2ge canonique de septante ans, et sauf si je me mire dans une glace, j\u2019ai encore l\u2019impression de n\u2019avoir que vingt ans\u2009! Du temps pas si lointain, en fait, o\u00f9 Marcel Pagnol avait une dizaine d&rsquo;ann\u00e9es, il prenait son Oncle Jules, qui avait pass\u00e9 le seuil de la &hellip; <a href=\"https:\/\/rmagdelaine.fr\/ame\/2017\/01\/27\/suis-je-normal\/\" class=\"more-link\">Continuer la lecture de <span class=\"screen-reader-text\">Suis-je normal ?<\/span> <span class=\"meta-nav\">&rarr;<\/span><\/a><\/p>\n","protected":false},"author":1,"featured_media":0,"comment_status":"open","ping_status":"open","sticky":false,"template":"","format":"chat","meta":{"_crdt_document":"","footnotes":""},"categories":[1],"tags":[],"class_list":["post-2864","post","type-post","status-publish","format-chat","hentry","category-new-chroniques","post_format-post-format-chat"],"_links":{"self":[{"href":"https:\/\/rmagdelaine.fr\/ame\/wp-json\/wp\/v2\/posts\/2864","targetHints":{"allow":["GET"]}}],"collection":[{"href":"https:\/\/rmagdelaine.fr\/ame\/wp-json\/wp\/v2\/posts"}],"about":[{"href":"https:\/\/rmagdelaine.fr\/ame\/wp-json\/wp\/v2\/types\/post"}],"author":[{"embeddable":true,"href":"https:\/\/rmagdelaine.fr\/ame\/wp-json\/wp\/v2\/users\/1"}],"replies":[{"embeddable":true,"href":"https:\/\/rmagdelaine.fr\/ame\/wp-json\/wp\/v2\/comments?post=2864"}],"version-history":[{"count":8,"href":"https:\/\/rmagdelaine.fr\/ame\/wp-json\/wp\/v2\/posts\/2864\/revisions"}],"predecessor-version":[{"id":2874,"href":"https:\/\/rmagdelaine.fr\/ame\/wp-json\/wp\/v2\/posts\/2864\/revisions\/2874"}],"wp:attachment":[{"href":"https:\/\/rmagdelaine.fr\/ame\/wp-json\/wp\/v2\/media?parent=2864"}],"wp:term":[{"taxonomy":"category","embeddable":true,"href":"https:\/\/rmagdelaine.fr\/ame\/wp-json\/wp\/v2\/categories?post=2864"},{"taxonomy":"post_tag","embeddable":true,"href":"https:\/\/rmagdelaine.fr\/ame\/wp-json\/wp\/v2\/tags?post=2864"}],"curies":[{"name":"wp","href":"https:\/\/api.w.org\/{rel}","templated":true}]}}