{"id":2858,"date":"2017-01-23T05:56:44","date_gmt":"2017-01-23T04:56:44","guid":{"rendered":"http:\/\/rmagdelaine.fr\/ame\/?p=2858"},"modified":"2017-01-23T05:56:44","modified_gmt":"2017-01-23T04:56:44","slug":"entre-leglise-le-temple","status":"publish","type":"post","link":"https:\/\/rmagdelaine.fr\/ame\/2017\/01\/23\/entre-leglise-le-temple\/","title":{"rendered":"ENTRE L&rsquo;\u00c9GLISE LE TEMPLE"},"content":{"rendered":"<div class=\"clearfix fbPhotoSnowliftAuthorInfo _xlu\">\n<div class=\"clearfix _8u _42ef\">\n<div class=\"_6a\">\n<div class=\"_6a _6b\">\n<div id=\"fbPhotoSnowliftAuthorName\" class=\"fbPhotoContributorName\"><strong><a id=\"js_9tv\" class=\"_hli\" href=\"https:\/\/www.facebook.com\/DanielMeurois\/\" target=\"_blank\" data-ft=\"{&quot;tn&quot;:&quot;k&quot;}\" data-hovercard=\"\/ajax\/hovercard\/page.php?id=241730992606890\" data-hovercard-prefer-more-content-show=\"1\">Daniel Meurois, \u00c9crivain<\/a><\/strong><\/div>\n<blockquote>\n<div id=\"id_58858a4f4f1241b43092611\" class=\"text_exposed_root text_exposed\" style=\"text-align: center;\"><strong>Une chronique de Daniel Meurois<\/strong><\/div>\n<\/blockquote>\n<div class=\"text_exposed_root text_exposed\" style=\"text-align: center;\"><img loading=\"lazy\" decoding=\"async\" class=\"aligncenter size-full wp-image-2861\" src=\"http:\/\/rmagdelaine.fr\/ame\/wp-content\/uploads\/2017\/01\/16142760_1231964796916833_3009949754645151673_n.jpg\" alt=\"\" width=\"413\" height=\"274\" srcset=\"https:\/\/rmagdelaine.fr\/ame\/wp-content\/uploads\/2017\/01\/16142760_1231964796916833_3009949754645151673_n.jpg 413w, https:\/\/rmagdelaine.fr\/ame\/wp-content\/uploads\/2017\/01\/16142760_1231964796916833_3009949754645151673_n-300x199.jpg 300w\" sizes=\"auto, (max-width: 413px) 100vw, 413px\" \/><\/div>\n<div class=\"text_exposed_root text_exposed\" style=\"text-align: left;\">La Vie vient toujours nous chercher l\u00e0 o\u00f9 \u00e7a nous d\u00e9mange. Elle nous touche immanquablement l\u00e0 o\u00f9 nous sommes le plus sensible. Et elle insiste\u2026<\/div>\n<div class=\"text_exposed_root text_exposed\" style=\"text-align: left;\">Comme tous ceux qui sont attentifs \u00e0 la fa\u00e7on dont se d\u00e9roulent les choses qui font leur existence, je ne peux m\u2019emp\u00eacher de jeter souvent un coup d\u2019\u0153il sur ce qui vient jalonner le parcours de ce <span class=\"text_exposed_show\">que je nomme mon \u00a8engagement\u00a8.<\/span><\/div>\n<div class=\"text_exposed_root text_exposed\" style=\"text-align: left;\"><span class=\"text_exposed_show\"><br \/>\nEt c\u2019est assez significatif\u2026<\/span><\/div>\n<div class=\"text_exposed_root text_exposed\" style=\"text-align: left;\"><span class=\"text_exposed_show\"><br \/>\nDans le contexte de mon v\u00e9cu et de mes recherches, au fil des d\u00e9cennies, j\u2019ai \u00e9t\u00e9 r\u00e9guli\u00e8rement mis en contact avec des personnes \u00e9tant soit des scientifiques soit ayant une d\u00e9marche privil\u00e9giant le monde scientifique.<\/span><\/div>\n<div class=\"text_exposed_root text_exposed\" style=\"text-align: left;\"><span class=\"text_exposed_show\"><br \/>\nLe but de ces personnes ? Prouver.<\/span><\/div>\n<div class=\"text_exposed_root text_exposed\" style=\"text-align: left;\"><span class=\"text_exposed_show\"><br \/>\nProuver quoi ? Globalement l\u2019existence ou non de la conscience &#8211; ou de la pens\u00e9e &#8211; en dehors du corps et la survie ou non de cette conscience apr\u00e8s la mort. Avec ma longue pratique des d\u00e9corporations, je devais \u00eatre en principe un bon sujet d\u2019\u00e9tude.<\/span><\/div>\n<div class=\"text_exposed_root text_exposed\" style=\"text-align: left;\"><span class=\"text_exposed_show\"><br \/>\nQuelle m\u00e9thode utiliser pour cela ? Tout simplement me placer des \u00e9lectrodes sur le cr\u00e2ne reli\u00e9es \u00e0 je ne sais quelle machine &#8211; exp\u00e9rimentale ou non &#8211; et voir ce qui se passe sur des graphiques tandis que je m\u2019appliquerais \u00e0 sortir de mon corps.<\/span><\/div>\n<div class=\"text_exposed_root text_exposed\" style=\"text-align: left;\"><span class=\"text_exposed_show\"><br \/>\nIl para\u00eet que cela aiderait \u00e0 faire avancer \u00a8les choses\u00a8.<\/span><\/div>\n<div class=\"text_exposed_root text_exposed\" style=\"text-align: left;\"><span class=\"text_exposed_show\"><br \/>\nCette proposition, on l\u2019a bien s\u00fbr faite \u00e0 des quantit\u00e9s d\u2019autres personnes. Certaines ont accept\u00e9, d\u2019autres pas. Certaines exp\u00e9riences ont \u00e9t\u00e9 probantes, d\u2019autres non.<\/span><\/div>\n<div class=\"text_exposed_root text_exposed\" style=\"text-align: left;\"><span class=\"text_exposed_show\"><br \/>\nCela a-t-il fait avancer les \u00a8choses\u00a8 ? Non, assur\u00e9ment. <\/span><\/div>\n<div class=\"text_exposed_root text_exposed\" style=\"text-align: left;\"><span class=\"text_exposed_show\"><br \/>\nOn en est toujours au m\u00eame point. Apr\u00e8s presque un demi-si\u00e8cle de t\u00e9moignages, parfois stup\u00e9fiants, et de recherches consacr\u00e9es \u00e0 ce qu\u2019on appelle maintenant les EMI ( exp\u00e9riences de mort imminente ), apr\u00e8s le fameux livre du Dr Raymond Moody et une quantit\u00e9 d\u2019autres, c\u2019est toujours le statu quo.<\/span><\/div>\n<div class=\"text_exposed_root text_exposed\" style=\"text-align: left;\"><span class=\"text_exposed_show\"><br \/>\nM\u00eame le Dala\u00ef Lama, qui a accept\u00e9 de se pr\u00eater au jeu, n\u2019y a rien chang\u00e9 de notable. On n\u2019en a pas fait grande publicit\u00e9\u2026.<\/span><\/div>\n<div class=\"text_exposed_root text_exposed\" style=\"text-align: left;\"><span class=\"text_exposed_show\"><br \/>\nNon, il y a beau y avoir des millions de t\u00e9moignages issus de toutes les cultures \u00e0 travers le monde et d\u2019innombrables exp\u00e9riences men\u00e9es avec rigueur aussi bien \u00e0 l\u2019Est qu\u2019\u00e0 l\u2019Ouest, ceux qui ont droit au \u00a8Chapitre officiel\u00a8 en sont toujours \u00e0 d\u00e9clarer que rien ne prouve rien parce que \u00ab oui mais ceci\u2026 et peut-\u00eatre que cela\u2026 \u00bb.<\/span><\/div>\n<div class=\"text_exposed_root text_exposed\" style=\"text-align: left;\"><span class=\"text_exposed_show\"><br \/>\nBref, on fait du sur-place, m\u00eame si on affirme que non. Bien s\u00fbr, les congr\u00e8s succ\u00e8dent au colloques, on se serre la main entre \u00a8sp\u00e9cialistes\u00a8\u2026 et on en profite pour exclure des d\u00e9bats \u00e0 venir quelques \u00a8amateurs\u00a8 qui, par exemple, ont eu la t\u00e9m\u00e9rit\u00e9 d\u2019employer le mot \u00a8\u00e2me\u00a8 dans leur expos\u00e9. Oui, je l\u2019ai entendu\u2026 et, croyez-moi, cela suffit pour \u00eatre excommuni\u00e9 de la communaut\u00e9 des gens s\u00e9rieux. Rigueur scientifique exige et je conviens que la notion d\u2019\u00e2me est floue. Il n\u2019emp\u00eache\u2026<\/span><\/div>\n<div class=\"text_exposed_root text_exposed\" style=\"text-align: left;\"><span class=\"text_exposed_show\"><br \/>\nDes sp\u00e9cialistes ? Pensez-vous r\u00e9ellement qu\u2019il puisse y en avoir relativement \u00e0 la mort ? Il y a les personnes, tr\u00e8s, tr\u00e8s nombreuses, qui ont v\u00e9cu dans leur chair et leur int\u00e9riorit\u00e9 les ph\u00e9nom\u00e8nes qui y m\u00e8nent, il y a les autres, celles qui \u00e9tudient et aident avec \u00e9coute, respect et amour et, enfin, il y a celles qui mesurent, enregistrent, comptabilisent et font g\u00e9n\u00e9ralement tout pour ne pas sortir de l\u2019orthodoxie, sauf exception rarissime. Donner \u00e9ventuellement une occasion d\u2019esp\u00e9rer\u2026 \u00e7a ne fait pas tr\u00e8s s\u00e9rieux. Et puis c\u2019est d\u00e9rangeant pour l\u2019establishment.<\/span><\/div>\n<div class=\"text_exposed_root text_exposed\" style=\"text-align: left;\"><span class=\"text_exposed_show\"><br \/>\nPersonnellement, apr\u00e8s avoir consenti \u00e0 faire quelques \u00a8d\u00e9monstrations sauvages\u00a8 au d\u00e9but de mes d\u00e9couvertes, j\u2019ai toujours refus\u00e9 de me pr\u00eater aux exp\u00e9riences de laboratoire et ce sera vraisemblablement toujours ma position.<br \/>\nPour quelles raisons ? <\/span><\/div>\n<div class=\"text_exposed_root text_exposed\" style=\"text-align: left;\"><span class=\"text_exposed_show\"><br \/>\nD\u2019abord pour celle que je viens d\u2019exposer. Autrement dit parce que cela n\u2019aboutit \u00e0 rien et que, si on veut vraiment faire avancer le regard port\u00e9 sur la vie et la mort, eh bien\u2026 on a d\u00e9j\u00e0 largement de quoi le faire par la multitude et la diversit\u00e9 des t\u00e9moignages recueillis.<br \/>\nEnsuite parce que la r\u00e9ponse \u00e0 la question ne tient pas dans l\u2019accumulation de donn\u00e9es techniquement et officiellement recevables ni dans celle de t\u00e9moins neutres et donc \u00a8non-suspects\u00a8 mais dans un changement global des mentalit\u00e9s.<\/span><\/div>\n<div class=\"text_exposed_root text_exposed\" style=\"text-align: left;\"><span class=\"text_exposed_show\"><br \/>\nEnfin parce que lorsque je me trouve dans un \u00e9tat de d\u00e9corporation, que je connais donc le ph\u00e9nom\u00e8ne du dedans, je sais intimement que je suis aux portes m\u00eames du Sacr\u00e9 et que \u00e7a, \u00e7a ne se mesure pas. <\/span><\/div>\n<div class=\"text_exposed_root text_exposed\" style=\"text-align: left;\"><span class=\"text_exposed_show\"><br \/>\nAh\u2026 le Sacr\u00e9 ! Voil\u00e0 un autre de ces mots qui disqualifient quelqu\u2019un ! Le Sacr\u00e9\u2026 \u00e7a n\u2019a rien \u00e0 voir avec ce paranormal qu\u2019on aime tant diss\u00e9quer pour en d\u00e9gager de nouvelles lois qui rassurent. <\/span><\/div>\n<div class=\"text_exposed_root text_exposed\" style=\"text-align: left;\"><span class=\"text_exposed_show\"><br \/>\nJ\u2019ai parl\u00e9 d\u2019un changement de mentalit\u00e9s\u2026 Un tel changement passe sans doute par le fait d&rsquo;accepter enfin qu\u2019il pourrait y avoir un ou des domaines au sein desquels ce qu\u2019on appelle la Science ne peut pas p\u00e9n\u00e9trer, tout au moins tant qu\u2019elle sera ce qu\u2019elle est aujourd\u2019hui.<\/span><\/div>\n<div class=\"text_exposed_root text_exposed\" style=\"text-align: left;\"><span class=\"text_exposed_show\"><br \/>\nCe que je veux dire ? C\u2019est qu\u2019actuellement, l\u2019\u00e9norme \u00e9difice qui porte le nom de Sciences n\u2019a fait, ni plus ni moins, que remplacer subrepticement la non moins \u00e9norme cath\u00e9drale que repr\u00e9sentait hier encore l\u2019\u00c9glise, toutes tendances confondues.<\/span><\/div>\n<div class=\"text_exposed_root text_exposed\" style=\"text-align: left;\"><span class=\"text_exposed_show\"><br \/>\nLes choses sont facilement d\u00e9codables\u2026<\/span><\/div>\n<div class=\"text_exposed_root text_exposed\" style=\"text-align: left;\"><span class=\"text_exposed_show\"><br \/>\nAutant nous avons \u00e9t\u00e9 conditionn\u00e9s et soumis pendant des mill\u00e9naires aux dogmes et aux p\u00e9trifications de l\u2019\u00c9glise, incapables d\u2019autonomiser notre pens\u00e9e, autant nous sommes entr\u00e9s dans une \u00e8re o\u00f9 nous observons une attitude analogue face au Temple de la Science et \u00e0 son indiscutable souverainet\u00e9.<\/span><\/div>\n<div class=\"text_exposed_root text_exposed\" style=\"text-align: left;\"><span class=\"text_exposed_show\"><br \/>\nAinsi, si au cours de si\u00e8cles pass\u00e9s nous avons d\u00e9clar\u00e9 : \u00ab C\u2019est contraire aux commandements de l\u2019\u00c9glise \u00bb sans vouloir chercher plus loin, aujourd\u2019hui, nous trouvons tout naturel d\u2019affirmer : \u00ab Ce n\u2019est pas scientifique ! \u00bb.<\/span><\/div>\n<div class=\"text_exposed_root text_exposed\" style=\"text-align: left;\"><span class=\"text_exposed_show\"><br \/>\nNous avons simplement \u00a8chang\u00e9 de Bon Dieu\u00a8. Nous avons troqu\u00e9 l\u2019un contre l\u2019autre.<br \/>\nQuant \u00e0 nous, avons-nous chang\u00e9 ? Fondamentalement, je veux dire. <\/span><\/div>\n<div class=\"text_exposed_root text_exposed\" style=\"text-align: left;\"><span class=\"text_exposed_show\"><br \/>\nDans d\u2019autres termes, sommes-nous plus m\u00fbrs ?<\/span><\/div>\n<div class=\"text_exposed_root text_exposed\" style=\"text-align: left;\"><span class=\"text_exposed_show\"><br \/>\n\u00c0 en juger par nos r\u00e9actions courantes, nos r\u00e9tractions et nos peurs diverses, la globalit\u00e9 de nos rapports \u00e0 la vie et l\u2019\u00e9tat de notre monde, un peu sans doute et malgr\u00e9 tout\u2026 Mais insuffisamment en tout cas pour que l\u2019espoir, l\u2019amour et l\u2019ouverture de conscience qui habitent certains prennent le dessus et puissent s\u2019exprimer en public avec un v\u00e9ritable micro.<\/span><\/div>\n<div class=\"text_exposed_root text_exposed\" style=\"text-align: left;\"><span class=\"text_exposed_show\"><br \/>\nNe croyez surtout pas que je veuille entretenir ici le vieux d\u00e9bat st\u00e9rile opposant la Science et l\u2019Esprit. Ce serait stupide.<\/span><\/div>\n<div class=\"text_exposed_root text_exposed\" style=\"text-align: left;\"><span class=\"text_exposed_show\"><br \/>\nJe n\u2019ai rien de particulier contre la Science dont, comme tout le monde, je b\u00e9n\u00e9ficie des d\u00e9couvertes tandis que je ne cesse depuis longtemps de d\u00e9noncer les mensonges des religions et leur aspect manipulateur. <\/span><\/div>\n<div class=\"text_exposed_root text_exposed\" style=\"text-align: left;\"><span class=\"text_exposed_show\"><br \/>\nCe que je refuse cependant, c\u2019est d\u2019accorder la supr\u00e9matie syst\u00e9matique et aveugle aux chercheurs scientifiques. La Science n\u2019a pas \u00e0 \u00eatre rendue aussi omnipotente et \u00a8r\u00e9gulatrice de la juste pens\u00e9e\u00a8 que l\u2019a dramatiquement \u00e9t\u00e9 l\u2019\u00c9glise durant trop de si\u00e8cles.<br \/>\nPas plus qu\u2019\u00e0 cette \u00c9glise, je ne lui accorde le droit d\u2019\u00eatre le filtre d\u00e9terminant et obligatoire de ce qui est et de ce qui n\u2019est pas. Il peut y avoir tout un abime entre l\u2019exactitude math\u00e9matique d\u2019un ensemble de donn\u00e9es et l\u2019expression de ce que j\u2019appelle l\u2019Intelligence de la nature de l\u2019Univers dont la Math\u00e9matique est, quant \u00e0 elle, hors de notre port\u00e9e.<\/span><\/div>\n<div class=\"text_exposed_root text_exposed\" style=\"text-align: left;\"><span class=\"text_exposed_show\"><br \/>\nAujourd\u2019hui, \u00e0 l\u2019heure o\u00f9 il nous faut red\u00e9finir tant de choses, il y a peut-\u00eatre un nouveau courage qui na\u00eet ou en tout cas qui devrait na\u00eetre au c\u0153ur de notre soci\u00e9t\u00e9 si on veut que celle-ci bouge, vraiment, c\u2019est-\u00e0-dire qu\u2019elle s\u2019\u00e9claire de l\u2019int\u00e9rieur.<\/span><\/div>\n<div class=\"text_exposed_root text_exposed\" style=\"text-align: left;\"><span class=\"text_exposed_show\"><br \/>\nCe courage-l\u00e0 doit \u00eatre dans le fait d\u2019oser se positionner \u00e0 la fois hors du Temple des \u00a8scientifiques \u00e0 tous crins\u00a8 et hors de l\u2019\u00c9glise des \u00a8pr\u00eatres verrouilleurs\u00a8.<\/span><\/div>\n<div class=\"text_exposed_root text_exposed\" style=\"text-align: left;\"><span class=\"text_exposed_show\"><br \/>\nJe ne nierai \u00e9videmment pas qu\u2019au sein de ces deux \u00a8partis\u00a8 il existe des \u00eatres de qualit\u00e9, des hommes et des femmes d\u2019exception qui ont beaucoup apport\u00e9 ou apportent encore beaucoup \u00e0 l\u2019Humanit\u00e9. Je les respecte indiscutablement.<\/span><\/div>\n<div class=\"text_exposed_root text_exposed\" style=\"text-align: left;\"><span class=\"text_exposed_show\"><br \/>\nCe que je cherche \u00e0 dire, c\u2019est qu\u2019il faudrait que nous apprenions enfin \u00e0 penser par nous-m\u00eame et \u00e0 \u00e9prouver par nous-m\u00eame, sans d\u00e9l\u00e9guer notre rapport \u00e0 la vie \u00e0 la \u00a8Croyance globale dominante\u00a8 de notre \u00e9poque, comme on ob\u00e9it \u00e0 une mode.<\/span><\/div>\n<div class=\"text_exposed_root text_exposed\" style=\"text-align: left;\"><span class=\"text_exposed_show\"><br \/>\nEst-il si irrationnel que cela d\u2019avoir foi en l\u2019existence de la conscience en dehors du corps et en la r\u00e9alit\u00e9 de l\u2019\u00e2me ?<\/span><\/div>\n<div class=\"text_exposed_root text_exposed\" style=\"text-align: left;\"><span class=\"text_exposed_show\"><br \/>\nCe ne l\u2019est certainement pas plus que de continuer \u00e0 croire, par automatisme et conformisme, en la rationalit\u00e9 de ceux qui ont men\u00e9 notre monde l\u00e0 o\u00f9 il se trouve aujourd\u2019hui\u2026 si souvent bourr\u00e9 d\u2019anxiolytiques et satur\u00e9 d\u2019aberrations.<\/span><\/div>\n<div class=\"text_exposed_root text_exposed\" style=\"text-align: left;\"><span class=\"text_exposed_show\"><br \/>\nQuelqu\u2019un a dit un jour : \u00ab Il para\u00eet que notre monde est dirig\u00e9 par des personnes intelligentes et responsables. Si c\u2019est vrai, alors je pr\u00e9f\u00e8re rester idiot \u00bb. Je suis bien d\u2019accord avec lui\u2026<\/span><\/div>\n<div class=\"text_exposed_root text_exposed\" style=\"text-align: left;\"><span class=\"text_exposed_show\"><br \/>\nMon idiotie \u00e0 moi, c\u2019est de parler de mon v\u00e9cu \u00a8improuvable\u00a8 et d\u2019affirmer la r\u00e9alit\u00e9 de l\u2019\u00e2me ainsi que la survie de celle-ci apr\u00e8s la mort.<\/span><\/div>\n<div class=\"text_exposed_root text_exposed\" style=\"text-align: left;\"><span class=\"text_exposed_show\"><br \/>\nPeut-\u00eatre que cette idiotie non scientifique fait grandir un certain nombre de ceux qui me lisent et m\u2019\u00e9coutent\u2026 C\u2019est ce qu\u2019on me dit souvent et j\u2019ose le croire\u2026 m\u00eame si, h\u00e9las pour certains autres, cette croissance int\u00e9rieure n\u2019est pas prouvable non plus.<\/span><\/div>\n<div class=\"text_exposed_root text_exposed\" style=\"text-align: left;\"><span class=\"text_exposed_show\"><br \/>\nIl y a des \u00a8choses\u00a8 comme \u00e7a, qui poussent \u00e0 l\u2019int\u00e9rieur de soi et qui nous rendent plus forts. Ce sont toujours les plus belles. Il faut les oser.<\/span><\/div>\n<div class=\"text_exposed_root text_exposed\" style=\"text-align: left;\"><span class=\"text_exposed_show\"><br \/>\nBon, \u00e7a y est\u2026 l\u00e0, si ce n&rsquo;\u00e9tait pas d\u00e9j\u00e0 fait, je viens vraiment de me barrer archi-d\u00e9finitivement de deux milieux, celui des \u00e9prouvettes et celui du \u00ab\u00a0goupillon\u00a0\u00bb.<\/span><\/div>\n<blockquote>\n<div class=\"text_exposed_root text_exposed\" style=\"text-align: right;\"><span class=\"text_exposed_show\"><br \/>\nDaniel Meurois<\/span><\/div>\n<\/blockquote>\n<\/div>\n<\/div>\n<\/div>\n<\/div>\n","protected":false},"excerpt":{"rendered":"<p>Daniel Meurois, \u00c9crivain Une chronique de Daniel Meurois La Vie vient toujours nous chercher l\u00e0 o\u00f9 \u00e7a nous d\u00e9mange. Elle nous touche immanquablement l\u00e0 o\u00f9 nous sommes le plus sensible. Et elle insiste\u2026 Comme tous ceux qui sont attentifs \u00e0 la fa\u00e7on dont se d\u00e9roulent les choses qui font leur existence, je ne peux m\u2019emp\u00eacher &hellip; <a href=\"https:\/\/rmagdelaine.fr\/ame\/2017\/01\/23\/entre-leglise-le-temple\/\" class=\"more-link\">Continuer la lecture de <span class=\"screen-reader-text\">ENTRE L&rsquo;\u00c9GLISE LE TEMPLE<\/span> <span class=\"meta-nav\">&rarr;<\/span><\/a><\/p>\n","protected":false},"author":1,"featured_media":0,"comment_status":"open","ping_status":"open","sticky":false,"template":"","format":"chat","meta":{"_crdt_document":"","footnotes":""},"categories":[8],"tags":[],"class_list":["post-2858","post","type-post","status-publish","format-chat","hentry","category-reaction","post_format-post-format-chat"],"_links":{"self":[{"href":"https:\/\/rmagdelaine.fr\/ame\/wp-json\/wp\/v2\/posts\/2858","targetHints":{"allow":["GET"]}}],"collection":[{"href":"https:\/\/rmagdelaine.fr\/ame\/wp-json\/wp\/v2\/posts"}],"about":[{"href":"https:\/\/rmagdelaine.fr\/ame\/wp-json\/wp\/v2\/types\/post"}],"author":[{"embeddable":true,"href":"https:\/\/rmagdelaine.fr\/ame\/wp-json\/wp\/v2\/users\/1"}],"replies":[{"embeddable":true,"href":"https:\/\/rmagdelaine.fr\/ame\/wp-json\/wp\/v2\/comments?post=2858"}],"version-history":[{"count":3,"href":"https:\/\/rmagdelaine.fr\/ame\/wp-json\/wp\/v2\/posts\/2858\/revisions"}],"predecessor-version":[{"id":2862,"href":"https:\/\/rmagdelaine.fr\/ame\/wp-json\/wp\/v2\/posts\/2858\/revisions\/2862"}],"wp:attachment":[{"href":"https:\/\/rmagdelaine.fr\/ame\/wp-json\/wp\/v2\/media?parent=2858"}],"wp:term":[{"taxonomy":"category","embeddable":true,"href":"https:\/\/rmagdelaine.fr\/ame\/wp-json\/wp\/v2\/categories?post=2858"},{"taxonomy":"post_tag","embeddable":true,"href":"https:\/\/rmagdelaine.fr\/ame\/wp-json\/wp\/v2\/tags?post=2858"}],"curies":[{"name":"wp","href":"https:\/\/api.w.org\/{rel}","templated":true}]}}